{"id":50416,"date":"2024-10-21T14:34:33","date_gmt":"2024-10-21T14:34:33","guid":{"rendered":"https:\/\/tvbrazilusa.com\/2024\/10\/21\/governo-lula-tem-vacinas-vencidas-e-fica-sem-estoque-contra-a-covid-19\/"},"modified":"2024-10-21T14:34:34","modified_gmt":"2024-10-21T14:34:34","slug":"governo-lula-tem-vacinas-vencidas-e-fica-sem-estoque-contra-a-covid-19","status":"publish","type":"post","link":"https:\/\/tvbrazilusa.com\/pt\/2024\/10\/21\/governo-lula-tem-vacinas-vencidas-e-fica-sem-estoque-contra-a-covid-19\/","title":{"rendered":"Governo Lula tem vacinas vencidas e fica sem estoque contra a covid-19"},"content":{"rendered":"<p> <script async src=\"https:\/\/pagead2.googlesyndication.com\/pagead\/js\/adsbygoogle.js?client=ca-pub-8864793242727901\"\r\n     crossorigin=\"anonymous\"><\/script><br \/>\n<\/p>\n<div id=\"taboola-read-more\" style=\"display:block; width:100%\">\n<p>O governo de Luiz In\u00e1cio Lula da Silva (PT) ficou sem vacinas da covid-19 para a entrega imediata depois de cerca de 1\/3 do lote comprado da farmac\u00eautica Moderna perder validade no estoque do Minist\u00e9rio da Sa\u00fade ou precisar ser trocado. A apura\u00e7\u00e3o \u00e9 do jornal Folha de S.Paulo.\n<\/p>\n<p>Sem op\u00e7\u00e3o de outros imunizantes, a pasta comandada por N\u00edsia Trindade diminuiu a entrega das doses nos \u00faltimos meses. Hoje, todas as unidades em estoque est\u00e3o vencidas, segundo o ve\u00edculo.<\/p>\n<p>A Sa\u00fade reconhece que os Estados e munic\u00edpios t\u00eam poucas vacinas, especialmente do modelo destinado ao p\u00fablico infantil.\n<\/p>\n<p>Segundo a Folha, os lotes perdidos fazem parte de um contrato de 12,5 milh\u00f5es de vacinas da Moderna, adaptadas \u00e0 variante XBB, de R$ 725 milh\u00f5es. O minist\u00e9rio conseguiu repassar aos Estados 8,26 milh\u00f5es de unidades da compra, enquanto cerca de 4,2 milh\u00f5es de vacinas travaram no estoque.\n<\/p>\n<p>A Moderna j\u00e1 recolheu 1,2 milh\u00e3o de unidades que estavam com a Sa\u00fade para trocar por doses com validade mais longa.\n<\/p>\n<p>Documentos internos da Sa\u00fade consultados pela Folha indicam que as cerca de 3 milh\u00f5es de vacinas restantes, todas vencidas, devem ser substitu\u00eddas em dezembro por um modelo mais atual da farmac\u00eautica, adaptado \u00e0 cepa JN.1.\n<\/p>\n<p>De acordo com o jornal, o plano do minist\u00e9rio era dar tra\u00e7\u00e3o \u00e0 imuniza\u00e7\u00e3o da covid nesta ano com a compra dos lotes da Moderna. O contrato emergencial, no entanto, foi assinado depois do planejado pela pasta e as doses s\u00f3 come\u00e7aram a ser entregues ao Sistema \u00danico de Sa\u00fade (SUS) em maio.\n<\/p>\n<p>A empresa ainda entregou vacinas com validade mais curta do que o contrato exigia. Por isso, o minist\u00e9rio pediu em agosto para a Moderna trocar as vacinas prestes a vencer.\n<\/p>\n<p>No fim de setembro, a Ag\u00eancia Nacional de Vigil\u00e2ncia Sanit\u00e1ria (Anvisa) deu o aval para a importa\u00e7\u00e3o de 1,2 milh\u00e3o de vacinas com validade at\u00e9 2025 para substituir os lotes j\u00e1 recolhidos pela farmac\u00eautica.\n<\/p>\n<p>As doses ainda precisam passar pelo controle de qualidade, entre outras verifica\u00e7\u00f5es, antes da distribui\u00e7\u00e3o para a rede p\u00fablica.\n<\/p>\n<p><strong>Sa\u00fade culpa fake news por baixa em vacinas<\/strong><br \/>O minist\u00e9rio considera a validade da vacina, a exig\u00eancia de baix\u00edssimas temperaturas de armazenamento e as \u201ccampanhas de fake news\u201d se tornaram obst\u00e1culos para a campanha de imuniza\u00e7\u00e3o.\n<\/p>\n<p>\u201cEmbora o minist\u00e9rio tenha or\u00e7amento, contrato e planejamento, dependemos de muitos outros atores nessa cadeia de abastecimento de vacinas\u201d, afirmou Eder Gatti, diretor do Departamento do Programa Nacional de Imuniza\u00e7\u00f5es (PNI) do Minist\u00e9rio da Sa\u00fade, \u00e0 Folha. \u201cQuando acontece algum imprevisto ou problema, em qualquer uma dessas etapas, voc\u00ea tem algo que desencadeia na ponta, que \u00e9 um determinado desabastecimento.\u201d\n<\/p>\n<p>\u201cObedecemos a demanda estadual\u201d, acrescentou. \u201cEnt\u00e3o, por exemplo, sabemos que os estados est\u00e3o com estoque [para adultos]. Estamos com desabastecimento para a apresenta\u00e7\u00e3o infantil, que vai se resolver.\u201d\n<\/p>\n<p>Em maio, primeiro m\u00eas de entregas da vacina da Moderna, foram repassadas 3,55 milh\u00f5es de vacinas. A distribui\u00e7\u00e3o caiu a 2,17 milh\u00f5es de imunizantes em junho, 866 mil em julho, 1,1 milh\u00e3o em agosto e 550 mil em setembro.\n<\/p>\n<p>Os dados do Minist\u00e9rio da Sa\u00fade sobre o uso de vacinas da covid-19 ainda apontam que 3,1 milh\u00f5es de doses da Moderna foram aplicadas, menos de metade do volume total entregue.\n<\/p>\n<p>Fonte: Gazeta Brasil <\/p>\n<\/div>\n<p><br \/>\n<br \/><a href=\"https:\/\/diariodobrasilnoticias.com.br\/noticia\/governo-lula-tem-vacinas-vencidas-e-fica-sem-estoque-contra-a-covid-19-671649c472eb2\">Source link <\/a><\/p>","protected":false},"excerpt":{"rendered":"<p>O governo de Luiz In\u00e1cio Lula da Silva (PT) ficou sem vacinas da covid-19 para a entrega imediata depois de cerca de 1\/3 do lote comprado da farmac\u00eautica Moderna perder&hellip;<\/p>","protected":false},"author":1,"featured_media":50417,"comment_status":"closed","ping_status":"open","sticky":false,"template":"","format":"standard","meta":{"content-type":"","footnotes":""},"categories":[16],"tags":[123,2448,5313,1267],"class_list":["post-50416","post","type-post","status-publish","format-standard","has-post-thumbnail","hentry","category-noticias","tag-brasil","tag-diario","tag-noticia","tag-noticias"],"_links":{"self":[{"href":"https:\/\/tvbrazilusa.com\/pt\/wp-json\/wp\/v2\/posts\/50416","targetHints":{"allow":["GET"]}}],"collection":[{"href":"https:\/\/tvbrazilusa.com\/pt\/wp-json\/wp\/v2\/posts"}],"about":[{"href":"https:\/\/tvbrazilusa.com\/pt\/wp-json\/wp\/v2\/types\/post"}],"author":[{"embeddable":true,"href":"https:\/\/tvbrazilusa.com\/pt\/wp-json\/wp\/v2\/users\/1"}],"replies":[{"embeddable":true,"href":"https:\/\/tvbrazilusa.com\/pt\/wp-json\/wp\/v2\/comments?post=50416"}],"version-history":[{"count":1,"href":"https:\/\/tvbrazilusa.com\/pt\/wp-json\/wp\/v2\/posts\/50416\/revisions"}],"predecessor-version":[{"id":50418,"href":"https:\/\/tvbrazilusa.com\/pt\/wp-json\/wp\/v2\/posts\/50416\/revisions\/50418"}],"wp:featuredmedia":[{"embeddable":true,"href":"https:\/\/tvbrazilusa.com\/pt\/wp-json\/wp\/v2\/media\/50417"}],"wp:attachment":[{"href":"https:\/\/tvbrazilusa.com\/pt\/wp-json\/wp\/v2\/media?parent=50416"}],"wp:term":[{"taxonomy":"category","embeddable":true,"href":"https:\/\/tvbrazilusa.com\/pt\/wp-json\/wp\/v2\/categories?post=50416"},{"taxonomy":"post_tag","embeddable":true,"href":"https:\/\/tvbrazilusa.com\/pt\/wp-json\/wp\/v2\/tags?post=50416"}],"curies":[{"name":"wp","href":"https:\/\/api.w.org\/{rel}","templated":true}]}}