{"id":50419,"date":"2024-10-21T14:46:33","date_gmt":"2024-10-21T14:46:33","guid":{"rendered":"https:\/\/tvbrazilusa.com\/2024\/10\/21\/medico-de-lula-explica-traumatismo-craniano-e-como-foi-queda-confira\/"},"modified":"2024-10-21T14:46:34","modified_gmt":"2024-10-21T14:46:34","slug":"medico-de-lula-explica-traumatismo-craniano-e-como-foi-queda-confira","status":"publish","type":"post","link":"https:\/\/tvbrazilusa.com\/pt\/2024\/10\/21\/medico-de-lula-explica-traumatismo-craniano-e-como-foi-queda-confira\/","title":{"rendered":"M\u00e9dico de Lula explica traumatismo craniano e como foi queda; CONFIRA"},"content":{"rendered":"<p> <script async src=\"https:\/\/pagead2.googlesyndication.com\/pagead\/js\/adsbygoogle.js?client=ca-pub-8864793242727901\"\r\n     crossorigin=\"anonymous\"><\/script><br \/>\n<\/p>\n<div>\n<p>Segundo Kalil, Lula caiu de um banco, que virou para tr\u00e1s.\n<\/p>\n<p>\u201cFoi um acidente bobo, algo corriqueiro. Mas s\u00e9rio.\u201d\n<\/p>\n<\/p>\n<p>Segundo boletim m\u00e9dico do Hospital S\u00edrio-Liban\u00eas em Bras\u00edlia, Lula teve um ferimento corto-contuso em regi\u00e3o occipital.\n<\/p>\n<p>Por causa do acidente, Lula cancelou a viagem que faria \u00e0 R\u00fassia para participar do Brics. Kalil afirmou que o presidente poder\u00e1 trabalhar normalmente, mas de Bras\u00edlia.\n<\/p>\n<p>Fonte: Metr\u00f3poles\n<\/p>\n<\/div>\n<p><br \/>\n<br \/><a href=\"https:\/\/diariodobrasilnoticias.com.br\/noticia\/medico-de-lula-explica-traumatismo-craniano-e-como-foi-queda-confira-6716467f44e42\">Source link <\/a><\/p>","protected":false},"excerpt":{"rendered":"<p>Segundo Kalil, Lula caiu de um banco, que virou para tr\u00e1s. \u201cFoi um acidente bobo, algo corriqueiro. Mas s\u00e9rio.\u201d Segundo boletim m\u00e9dico do Hospital S\u00edrio-Liban\u00eas em Bras\u00edlia, Lula teve um&hellip;<\/p>","protected":false},"author":1,"featured_media":50420,"comment_status":"closed","ping_status":"open","sticky":false,"template":"","format":"standard","meta":{"content-type":"","footnotes":""},"categories":[16],"tags":[123,2448,5313,1267],"class_list":["post-50419","post","type-post","status-publish","format-standard","has-post-thumbnail","hentry","category-noticias","tag-brasil","tag-diario","tag-noticia","tag-noticias"],"_links":{"self":[{"href":"https:\/\/tvbrazilusa.com\/pt\/wp-json\/wp\/v2\/posts\/50419","targetHints":{"allow":["GET"]}}],"collection":[{"href":"https:\/\/tvbrazilusa.com\/pt\/wp-json\/wp\/v2\/posts"}],"about":[{"href":"https:\/\/tvbrazilusa.com\/pt\/wp-json\/wp\/v2\/types\/post"}],"author":[{"embeddable":true,"href":"https:\/\/tvbrazilusa.com\/pt\/wp-json\/wp\/v2\/users\/1"}],"replies":[{"embeddable":true,"href":"https:\/\/tvbrazilusa.com\/pt\/wp-json\/wp\/v2\/comments?post=50419"}],"version-history":[{"count":1,"href":"https:\/\/tvbrazilusa.com\/pt\/wp-json\/wp\/v2\/posts\/50419\/revisions"}],"predecessor-version":[{"id":50421,"href":"https:\/\/tvbrazilusa.com\/pt\/wp-json\/wp\/v2\/posts\/50419\/revisions\/50421"}],"wp:featuredmedia":[{"embeddable":true,"href":"https:\/\/tvbrazilusa.com\/pt\/wp-json\/wp\/v2\/media\/50420"}],"wp:attachment":[{"href":"https:\/\/tvbrazilusa.com\/pt\/wp-json\/wp\/v2\/media?parent=50419"}],"wp:term":[{"taxonomy":"category","embeddable":true,"href":"https:\/\/tvbrazilusa.com\/pt\/wp-json\/wp\/v2\/categories?post=50419"},{"taxonomy":"post_tag","embeddable":true,"href":"https:\/\/tvbrazilusa.com\/pt\/wp-json\/wp\/v2\/tags?post=50419"}],"curies":[{"name":"wp","href":"https:\/\/api.w.org\/{rel}","templated":true}]}}