{"id":50422,"date":"2024-10-21T14:58:32","date_gmt":"2024-10-21T14:58:32","guid":{"rendered":"https:\/\/tvbrazilusa.com\/2024\/10\/21\/lula-acumula-em-2-anos-o-maior-rombo-de-estatais-do-seculo\/"},"modified":"2024-10-21T14:58:33","modified_gmt":"2024-10-21T14:58:33","slug":"lula-acumula-em-2-anos-o-maior-rombo-de-estatais-do-seculo","status":"publish","type":"post","link":"https:\/\/tvbrazilusa.com\/pt\/2024\/10\/21\/lula-acumula-em-2-anos-o-maior-rombo-de-estatais-do-seculo\/","title":{"rendered":"Lula acumula em 2 anos o maior rombo de estatais do s\u00e9culo"},"content":{"rendered":"<p> <script async src=\"https:\/\/pagead2.googlesyndication.com\/pagead\/js\/adsbygoogle.js?client=ca-pub-8864793242727901\"\r\n     crossorigin=\"anonymous\"><\/script><br \/>\n<\/p>\n<div id=\"taboola-read-more\" style=\"display:block; width:100%\">\n<p>As empresas estatais federais, estaduais e municipais registraram deficit de R$ 9,76 bilh\u00f5es em valores corrigidos pela infla\u00e7\u00e3o (a pre\u00e7os de setembro) durante o 3\u00ba mandato de Luiz In\u00e1cio Lula da Silva (PT). \u00c9 o maior saldo negativo do s\u00e9culo 21 em menos de 2 anos (2023 e 2024).\n<\/p>\n<p>As despesas superaram as receitas em R$ 2,43 bilh\u00f5es em 2023. Houve outro rombo de R$ 7,33 bilh\u00f5es no acumulado de janeiro a agosto de 2024. Os dados s\u00e3o do Banco Central. A reportagem corrigiu os dados pela infla\u00e7\u00e3o do per\u00edodo.<\/p>\n<p>A s\u00e9rie hist\u00f3rica re\u00fane dados desde 2002. Tamb\u00e9m \u00e9 poss\u00edvel observar o saldo nas contas dos governos Lula (2003-2010), Dilma\/Temer (2011-2018) e Bolsonaro (2019-2022).\n<\/p>\n<p>O deficit no governo Lula superou o registrado no 1\u00ba mandato do governo Dilma Rousseff (PT), quando houve um saldo negativo de R$ 7,53 bilh\u00f5es a pre\u00e7os atuais. O saldo negativo reverte parte do superavit de R$ 31,16 bilh\u00f5es obtido no governo Jair Bolsonaro (PL).\n<\/p>\n<p>O maior saldo positivo foi registrado no 1\u00ba mandato do governo Lula, quando totalizou R$ 42,02 bilh\u00f5es de 2003 a 2006 em valores atualizados pela infla\u00e7\u00e3o.\n<\/p>\n<p><strong>DEFICIT EM 2024<br \/><\/strong>O deficit das estatais acelerou em 2024. Foram deficit\u00e1rias em R$ 2,43 bilh\u00f5es em 2023. O valor subir para R$ 7,33 bilh\u00f5es s\u00f3 de janeiro a agosto. Essa quantia representa o 2\u00ba maior saldo negativo da s\u00e9rie hist\u00f3rica, iniciada em 2002, atr\u00e1s somente de todo o ano de 2014 (R$ 7,47 bilh\u00f5es).\n<\/p>\n<p>Ao comparar somente com os per\u00edodos acumulados de janeiro a agosto, o deficit das estatais foi o maior da hist\u00f3ria em 2024. Subiu 334,7% em compara\u00e7\u00e3o com 2023.\n<\/p>\n<p><strong>DIVIS\u00c3O POR N\u00cdVEL<br \/><\/strong>O deficit das estatais federais somou R$ 3,45 bilh\u00f5es de janeiro a agosto deste ano. Aumentou 383,1% em compara\u00e7\u00e3o com todo o ano de 2023. J\u00e1 as estaduais registraram um rombo de R$ 3,90 bilh\u00f5es nas contas, com alta de 181,1% no mesmo per\u00edodo.\n<\/p>\n<p>Eis o resultado de janeiro a agosto de 2024: estatais estaduais \u2013 deficit de R$ 3,90 bilh\u00f5es; estatais federais \u2013 deficit de R$ 3,45 bilh\u00f5es; e, estatais municipais \u2013 superavit de R$ 21,6 milh\u00f5es.\n<\/p>\n<p><strong>CONTABILIDADE CRIATIVA<br \/><\/strong>Na quarta-feira (16), o ministro da Fazenda, Fernando Haddad, declarou que n\u00e3o procediam informa\u00e7\u00f5es sobre uma reportagem do jornal O Estado de S.Paulo. O di\u00e1rio paulista havia publicado que o governo tinha planos de desvincular estatais dependentes do Or\u00e7amento para que atuassem como institui\u00e7\u00f5es independentes \u2013apesar de precisarem de recursos do Tesouro Nacional.\n<\/p>\n<p>\u201cEstamos explorando a possibilidade de reduzir o aporte federal para essas estatais que t\u00eam condi\u00e7\u00e3o de se emancipar, por assim dizer, do Or\u00e7amento. O objetivo da medida \u00e9 exatamente o contr\u00e1rio: \u00e9 fazer com que a estatal n\u00e3o dependa mais de recursos or\u00e7ament\u00e1rios\u201d, declarou o ministro da Fazenda.\n<\/p>\n<p><strong>OUTRO LADO<br \/><\/strong>A reportagem procurou, por e-mail, a Secretaria de Coordena\u00e7\u00e3o e Governan\u00e7a das Empresas Estatais, que \u00e9 do MGI (Minist\u00e9rio da Gest\u00e3o e da Inova\u00e7\u00e3o em Servi\u00e7os P\u00fablicos), para saber se havia interesse em analisar os dados apresentados nesta reportagem.\n<\/p>\n<p>Em nota, o MGI disse que os deficits das estatais mencionadas na reportagem s\u00e3o \u201ccobertos pelos caixas das pr\u00f3prias empresas, carregados em anos anteriores e n\u00e3o representam qualquer necessidade de recursos do Tesouro Nacional e n\u00e3o impactam o equil\u00edbrio fiscal\u201d. O minist\u00e9rio disse tamb\u00e9m que parte do saldo negativo se explica porque \u201cempresas receberam, entre os anos 2018 e 2019, aportes do Tesouro Nacional para realizar investimentos nos exerc\u00edcios seguintes\u201d.\n<\/p>\n<p>Segundo o minist\u00e9rio, \u201ch\u00e1 forte correla\u00e7\u00e3o entre estes aportes e o resultado prim\u00e1rio dessas empresas\u201d.\n<\/p>\n<p><strong>Fonte: Poder 360<\/strong> <\/p>\n<\/div>\n<p><br \/>\n<br \/><a href=\"https:\/\/diariodobrasilnoticias.com.br\/noticia\/lula-acumula-em-2-anos-o-maior-rombo-de-estatais-do-seculo-67164aca61eae\">Source link <\/a><\/p>","protected":false},"excerpt":{"rendered":"<p>As empresas estatais federais, estaduais e municipais registraram deficit de R$ 9,76 bilh\u00f5es em valores corrigidos pela infla\u00e7\u00e3o (a pre\u00e7os de setembro) durante o 3\u00ba mandato de Luiz In\u00e1cio Lula&hellip;<\/p>","protected":false},"author":1,"featured_media":50423,"comment_status":"closed","ping_status":"open","sticky":false,"template":"","format":"standard","meta":{"content-type":"","footnotes":""},"categories":[16],"tags":[123,2448,5313,1267],"class_list":["post-50422","post","type-post","status-publish","format-standard","has-post-thumbnail","hentry","category-noticias","tag-brasil","tag-diario","tag-noticia","tag-noticias"],"_links":{"self":[{"href":"https:\/\/tvbrazilusa.com\/pt\/wp-json\/wp\/v2\/posts\/50422","targetHints":{"allow":["GET"]}}],"collection":[{"href":"https:\/\/tvbrazilusa.com\/pt\/wp-json\/wp\/v2\/posts"}],"about":[{"href":"https:\/\/tvbrazilusa.com\/pt\/wp-json\/wp\/v2\/types\/post"}],"author":[{"embeddable":true,"href":"https:\/\/tvbrazilusa.com\/pt\/wp-json\/wp\/v2\/users\/1"}],"replies":[{"embeddable":true,"href":"https:\/\/tvbrazilusa.com\/pt\/wp-json\/wp\/v2\/comments?post=50422"}],"version-history":[{"count":1,"href":"https:\/\/tvbrazilusa.com\/pt\/wp-json\/wp\/v2\/posts\/50422\/revisions"}],"predecessor-version":[{"id":50424,"href":"https:\/\/tvbrazilusa.com\/pt\/wp-json\/wp\/v2\/posts\/50422\/revisions\/50424"}],"wp:featuredmedia":[{"embeddable":true,"href":"https:\/\/tvbrazilusa.com\/pt\/wp-json\/wp\/v2\/media\/50423"}],"wp:attachment":[{"href":"https:\/\/tvbrazilusa.com\/pt\/wp-json\/wp\/v2\/media?parent=50422"}],"wp:term":[{"taxonomy":"category","embeddable":true,"href":"https:\/\/tvbrazilusa.com\/pt\/wp-json\/wp\/v2\/categories?post=50422"},{"taxonomy":"post_tag","embeddable":true,"href":"https:\/\/tvbrazilusa.com\/pt\/wp-json\/wp\/v2\/tags?post=50422"}],"curies":[{"name":"wp","href":"https:\/\/api.w.org\/{rel}","templated":true}]}}