{"id":50425,"date":"2024-10-21T15:10:33","date_gmt":"2024-10-21T15:10:33","guid":{"rendered":"https:\/\/tvbrazilusa.com\/2024\/10\/21\/israelenses-sao-detidos-sob-acusacao-de-espionagem-a-favor-do-ira\/"},"modified":"2024-10-21T15:10:34","modified_gmt":"2024-10-21T15:10:34","slug":"israelenses-sao-detidos-sob-acusacao-de-espionagem-a-favor-do-ira","status":"publish","type":"post","link":"https:\/\/tvbrazilusa.com\/pt\/2024\/10\/21\/israelenses-sao-detidos-sob-acusacao-de-espionagem-a-favor-do-ira\/","title":{"rendered":"Israelenses s\u00e3o detidos sob acusa\u00e7\u00e3o de espionagem a favor do Ir\u00e3"},"content":{"rendered":"<p> <script async src=\"https:\/\/pagead2.googlesyndication.com\/pagead\/js\/adsbygoogle.js?client=ca-pub-8864793242727901\"\r\n     crossorigin=\"anonymous\"><\/script><br \/>\n<\/p>\n<div id=\"taboola-read-more\" style=\"display:block; width:100%\">\n<p>Sete israelenses foram presos sob acusa\u00e7\u00e3o de realizarem centenas de atividades de espionagem para o Ir\u00e3. Os suspeitos s\u00e3o todos moradores da cidade de Haifa e do norte do pa\u00eds, entre eles h\u00e1 um soldado que desertou do ex\u00e9rcito e dois menores de idade.\n<\/p>\n<p>Os promotores do caso denunciaram que os acusados fotografaram e coletaram informa\u00e7\u00f5es sobre bases e instala\u00e7\u00f5es das for\u00e7as armadas (FDI), incluindo o quartel-general de defesa de Kirya, em Tel Aviv, e as bases a\u00e9reas de Nevatim e Ramat David, bem como os locais onde est\u00e3o localizadas as baterias do Domo de Ferro (Iron Dome, em ingl\u00eas).<\/p>\n<p>No in\u00edcio do m\u00eas, quando Teer\u00e3 lan\u00e7ou cerca de 200 m\u00edsseis contra Israel, imagens de sat\u00e9lite acessadas pelo jornal Times of Israel mostraram que a base de Nevatim foi um dos alvos atingidos, al\u00e9m de Ramat David ter sido atacada pelo Hezbollah.\n<\/p>\n<p>Os suspeitos tamb\u00e9m s\u00e3o acusados \u200b\u200bde receberem mapas de locais estrat\u00e9gicos, incluindo a base de Golani, atingida por um ataque mortal de drones neste m\u00eas, que deixou pelo menos quatro militares israelenses mortos.\n<\/p>\n<p>Segundo os promotores do caso, a pol\u00edcia e o servi\u00e7o de intelig\u00eancia interna de Israel, o Shin Bet, identificaram que os acusados realizaram uma s\u00e9rie de tarefas diferentes para ag\u00eancias de intelig\u00eancia iranianas e estavam em contato direto com esses agentes.\n<\/p>\n<p>Em troca dos &#8220;servi\u00e7os&#8221;, eles receberam &#8220;milhares de d\u00f3lares, parte em criptomoedas&#8221;, disseram os investigadores. Alguns dos detidos atuaram ao lado de Teer\u00e3 por pelo menos dois anos, e &#8220;todos eles realizaram atividades de espionagem desde o in\u00edcio da guerra&#8221;, informou a promotoria.\n<\/p>\n<p>Fonte: Gazeta do povo <\/p>\n<\/div>\n<p><br \/>\n<br \/><a href=\"https:\/\/diariodobrasilnoticias.com.br\/noticia\/israelenses-sao-detidos-sob-acusacao-de-espionagem-a-favor-do-ira-67164f366e8e9\">Source link <\/a><\/p>","protected":false},"excerpt":{"rendered":"<p>Sete israelenses foram presos sob acusa\u00e7\u00e3o de realizarem centenas de atividades de espionagem para o Ir\u00e3. Os suspeitos s\u00e3o todos moradores da cidade de Haifa e do norte do pa\u00eds,&hellip;<\/p>","protected":false},"author":1,"featured_media":50426,"comment_status":"closed","ping_status":"open","sticky":false,"template":"","format":"standard","meta":{"content-type":"","footnotes":""},"categories":[16],"tags":[123,2448,5313,1267],"class_list":["post-50425","post","type-post","status-publish","format-standard","has-post-thumbnail","hentry","category-noticias","tag-brasil","tag-diario","tag-noticia","tag-noticias"],"_links":{"self":[{"href":"https:\/\/tvbrazilusa.com\/pt\/wp-json\/wp\/v2\/posts\/50425","targetHints":{"allow":["GET"]}}],"collection":[{"href":"https:\/\/tvbrazilusa.com\/pt\/wp-json\/wp\/v2\/posts"}],"about":[{"href":"https:\/\/tvbrazilusa.com\/pt\/wp-json\/wp\/v2\/types\/post"}],"author":[{"embeddable":true,"href":"https:\/\/tvbrazilusa.com\/pt\/wp-json\/wp\/v2\/users\/1"}],"replies":[{"embeddable":true,"href":"https:\/\/tvbrazilusa.com\/pt\/wp-json\/wp\/v2\/comments?post=50425"}],"version-history":[{"count":1,"href":"https:\/\/tvbrazilusa.com\/pt\/wp-json\/wp\/v2\/posts\/50425\/revisions"}],"predecessor-version":[{"id":50427,"href":"https:\/\/tvbrazilusa.com\/pt\/wp-json\/wp\/v2\/posts\/50425\/revisions\/50427"}],"wp:featuredmedia":[{"embeddable":true,"href":"https:\/\/tvbrazilusa.com\/pt\/wp-json\/wp\/v2\/media\/50426"}],"wp:attachment":[{"href":"https:\/\/tvbrazilusa.com\/pt\/wp-json\/wp\/v2\/media?parent=50425"}],"wp:term":[{"taxonomy":"category","embeddable":true,"href":"https:\/\/tvbrazilusa.com\/pt\/wp-json\/wp\/v2\/categories?post=50425"},{"taxonomy":"post_tag","embeddable":true,"href":"https:\/\/tvbrazilusa.com\/pt\/wp-json\/wp\/v2\/tags?post=50425"}],"curies":[{"name":"wp","href":"https:\/\/api.w.org\/{rel}","templated":true}]}}