{"id":50458,"date":"2024-10-21T15:57:27","date_gmt":"2024-10-21T15:57:27","guid":{"rendered":"https:\/\/tvbrazilusa.com\/2024\/10\/21\/democratas-falsamente-alegam-que-65-milhoes-de-eleitores-no-exterior-sao-elegiveis-para-votar-paulo-figueiredo-2\/"},"modified":"2024-10-21T16:44:44","modified_gmt":"2024-10-21T16:44:44","slug":"democratas-falsamente-alegam-que-65-milhoes-de-eleitores-no-exterior-sao-elegiveis-para-votar-paulo-figueiredo-2","status":"publish","type":"post","link":"https:\/\/tvbrazilusa.com\/pt\/2024\/10\/21\/democratas-falsamente-alegam-que-65-milhoes-de-eleitores-no-exterior-sao-elegiveis-para-votar-paulo-figueiredo-2\/","title":{"rendered":"Democratas Falsamente Alegam que 6,5 Milh\u00f5es de Eleitores no Exterior S\u00e3o Eleg\u00edveis para Votar \u2013 Paulo Figueiredo"},"content":{"rendered":"<p> <script async src=\"https:\/\/pagead2.googlesyndication.com\/pagead\/js\/adsbygoogle.js?client=ca-pub-8864793242727901\"\r\n     crossorigin=\"anonymous\"><\/script><br \/>\n<\/p>\n<div id=\"wtr-content\" data-bg=\"#FFFFFF\" data-fg=\"#006d91\" data-width=\"25\" data-mute=\"1\" data-fgopacity=\"1.00\" data-mutedopacity=\"0.5\" data-placement=\"bottom\" data-placement-offset=\"0\" data-content-offset=\"262\" data-placement-touch=\"bottom\" data-placement-offset-touch=\"0\" data-transparent=\"\" data-shadow=\"0\" data-touch=\"1\" data-non-touch=\"1\" data-comments=\"0\" data-commentsbg=\"transparent\" data-location=\"page\" data-mutedfg=\"#006d91\" data-endfg=\"#006d91\" data-rtl=\"\">\n<p>Existe uma discrep\u00e2ncia significativa entre a alega\u00e7\u00e3o dos democratas de que 6,5 milh\u00f5es de cidad\u00e3os americanos no exterior s\u00e3o eleg\u00edveis para votar e a estimativa do Programa Federal de Assist\u00eancia ao Voto (FVAP) de 2,8 milh\u00f5es de eleitores eleg\u00edveis. O que est\u00e1 por tr\u00e1s dessa alega\u00e7\u00e3o dos democratas e por que eles est\u00e3o tentando inflar o n\u00famero de eleitores eleg\u00edveis?<\/p>\n<div class=\"wp-block-image\">\n<figure class=\"aligncenter size-large\"><\/figure>\n<\/div>\n<h3 class=\"wp-block-heading\">O Que os N\u00fameros Revelam:<\/h3>\n<p><strong>Democrats Abroad:<\/strong> Esta organiza\u00e7\u00e3o, que defende os direitos dos cidad\u00e3os americanos no exterior, estima que 6,5 milh\u00f5es de eleitores s\u00e3o eleg\u00edveis. Esse n\u00famero provavelmente inclui todos os americanos no exterior que poderiam votar se estivessem registrados e cumprissem todos os requisitos estabelecidos pela Lei de Voto Ausente para Cidad\u00e3os Uniformizados e no Exterior (UOCAVA). No entanto, essa estimativa pode n\u00e3o considerar se esses indiv\u00edduos mantiveram o registro de eleitores ativo ou est\u00e3o vinculados a um endere\u00e7o nos EUA necess\u00e1rio para o voto ausente.<\/p>\n<div class=\"wp-block-image\">\n<figure class=\"aligncenter size-large is-resized\"><img decoding=\"async\" src=\"https:\/\/pbs.twimg.com\/media\/GaXeIV_XEAAly12?format=jpg&#038;name=medium\" alt=\"\" style=\"width:714px;height:auto\"\/><\/figure>\n<\/div>\n<p><strong>Estimativa do FVAP:<\/strong> O FVAP, que administra o programa UOCAVA, usa dados de registros estaduais, governos estrangeiros e pesquisas para estimar que cerca de 2,8 milh\u00f5es de cidad\u00e3os no exterior eram eleg\u00edveis para votar nas elei\u00e7\u00f5es de 2022. Esse n\u00famero inclui cidad\u00e3os americanos registrados que cumprem os requisitos de voto ausente, como manter a resid\u00eancia nos EUA, atualizar frequentemente seu status e solicitar explicitamente as c\u00e9dulas, enfrentando muitas vezes dificuldades log\u00edsticas e tecnol\u00f3gicas.<\/p>\n<h3 class=\"wp-block-heading\">Por Que a Discrep\u00e2ncia?<\/h3>\n<p><strong>Contagem Ampla do Democrats Abroad:<\/strong> A organiza\u00e7\u00e3o pode incluir todos os cidad\u00e3os americanos que vivem no exterior, mesmo aqueles que n\u00e3o est\u00e3o registrados ou que n\u00e3o atendem aos requisitos de vota\u00e7\u00e3o, resultando em uma estimativa mais alta.<\/p>\n<p><strong>Metodologia Conservadora do FVAP:<\/strong> A estimativa federal \u00e9 mais precisa, focando naqueles que mant\u00eam ativamente o registro e atendem aos requisitos legais, refletindo o n\u00famero real de eleitores eleg\u00edveis de acordo com a UOCAVA.<\/p>\n<div class=\"wp-block-image\">\n<figure class=\"aligncenter size-large is-resized\"><img decoding=\"async\" src=\"https:\/\/pbs.twimg.com\/media\/GaXeJ3kXgAAcJ6C?format=jpg&#038;name=medium\" alt=\"\" style=\"width:718px;height:auto\"\/><\/figure>\n<\/div>\n<p><strong><a rel=\"nofollow noopener\" target=\"_blank\" href=\"https:\/\/x.com\/MarioNawfal\/status\/1848127567280173465?t=e3GcI4ztkMQogJbH-OgwzA&#038;s=08\">Fontes:<\/a><\/strong> Relat\u00f3rios do FVAP, Democrats Abroad, registros federais<\/p>\n<\/div>\n<p><br \/>\n<br \/><a href=\"https:\/\/tvfloridausa.com\/2024\/10\/21\/democratas-falsamente-alegam-que-65-milhoes-de-eleitores-no-exterior-sao-elegiveis-para-votar-paulo-figueiredo\/\">Source link <\/a><\/p>","protected":false},"excerpt":{"rendered":"<p>Existe uma discrep\u00e2ncia significativa entre a alega\u00e7\u00e3o dos democratas de que 6,5 milh\u00f5es de cidad\u00e3os americanos no exterior s\u00e3o eleg\u00edveis para votar e a estimativa do Programa Federal de Assist\u00eancia&hellip;<\/p>","protected":false},"author":1,"featured_media":50459,"comment_status":"closed","ping_status":"open","sticky":false,"template":"","format":"standard","meta":{"content-type":"","footnotes":""},"categories":[22],"tags":[],"class_list":["post-50458","post","type-post","status-publish","format-standard","has-post-thumbnail","hentry","category-tv-florida-usa"],"_links":{"self":[{"href":"https:\/\/tvbrazilusa.com\/pt\/wp-json\/wp\/v2\/posts\/50458","targetHints":{"allow":["GET"]}}],"collection":[{"href":"https:\/\/tvbrazilusa.com\/pt\/wp-json\/wp\/v2\/posts"}],"about":[{"href":"https:\/\/tvbrazilusa.com\/pt\/wp-json\/wp\/v2\/types\/post"}],"author":[{"embeddable":true,"href":"https:\/\/tvbrazilusa.com\/pt\/wp-json\/wp\/v2\/users\/1"}],"replies":[{"embeddable":true,"href":"https:\/\/tvbrazilusa.com\/pt\/wp-json\/wp\/v2\/comments?post=50458"}],"version-history":[{"count":1,"href":"https:\/\/tvbrazilusa.com\/pt\/wp-json\/wp\/v2\/posts\/50458\/revisions"}],"predecessor-version":[{"id":50460,"href":"https:\/\/tvbrazilusa.com\/pt\/wp-json\/wp\/v2\/posts\/50458\/revisions\/50460"}],"wp:featuredmedia":[{"embeddable":true,"href":"https:\/\/tvbrazilusa.com\/pt\/wp-json\/wp\/v2\/media\/50459"}],"wp:attachment":[{"href":"https:\/\/tvbrazilusa.com\/pt\/wp-json\/wp\/v2\/media?parent=50458"}],"wp:term":[{"taxonomy":"category","embeddable":true,"href":"https:\/\/tvbrazilusa.com\/pt\/wp-json\/wp\/v2\/categories?post=50458"},{"taxonomy":"post_tag","embeddable":true,"href":"https:\/\/tvbrazilusa.com\/pt\/wp-json\/wp\/v2\/tags?post=50458"}],"curies":[{"name":"wp","href":"https:\/\/api.w.org\/{rel}","templated":true}]}}