{"id":50482,"date":"2024-10-21T17:48:16","date_gmt":"2024-10-21T17:48:16","guid":{"rendered":"https:\/\/tvbrazilusa.com\/2024\/10\/21\/vendedor-de-bandeiras-preso-pelo-8-de-janeiro-luta-para-provar-sua-inocencia-paulo-figueiredo\/"},"modified":"2024-10-21T17:56:21","modified_gmt":"2024-10-21T17:56:21","slug":"vendedor-de-bandeiras-preso-pelo-8-de-janeiro-luta-para-provar-sua-inocencia-paulo-figueiredo","status":"publish","type":"post","link":"https:\/\/tvbrazilusa.com\/pt\/2024\/10\/21\/vendedor-de-bandeiras-preso-pelo-8-de-janeiro-luta-para-provar-sua-inocencia-paulo-figueiredo\/","title":{"rendered":"Vendedor de bandeiras preso pelo 8 de janeiro luta para provar sua inoc\u00eancia &#8211; Paulo Figueiredo"},"content":{"rendered":"<p> <script async src=\"https:\/\/pagead2.googlesyndication.com\/pagead\/js\/adsbygoogle.js?client=ca-pub-8864793242727901\"\r\n     crossorigin=\"anonymous\"><\/script><br \/>\n<\/p>\n<div id=\"wtr-content\" data-bg=\"#FFFFFF\" data-fg=\"#006d91\" data-width=\"25\" data-mute=\"1\" data-fgopacity=\"1.00\" data-mutedopacity=\"0.5\" data-placement=\"bottom\" data-placement-offset=\"0\" data-content-offset=\"262\" data-placement-touch=\"bottom\" data-placement-offset-touch=\"0\" data-transparent=\"\" data-shadow=\"0\" data-touch=\"1\" data-non-touch=\"1\" data-comments=\"0\" data-commentsbg=\"transparent\" data-location=\"page\" data-mutedfg=\"#006d91\" data-endfg=\"#006d91\" data-rtl=\"\">\n<p class=\"has-small-font-size\">Foto \u2013 TON MOLINA<\/p>\n<h3 class=\"wp-block-heading\">Homem foi a Bras\u00edlia para vender mercadorias a fim de pagar a pens\u00e3o do filho, mas acabou detido pela pol\u00edcia no Quartel-General<\/h3>\n<p>O ambulante Paulo da Silveira e Silva, de 40 anos, chegou a Bras\u00edlia em 8 de janeiro de 2023, por volta de 21 horas.<\/p>\n<p>Ele viajou de Abadi\u00e2nia (GO) at\u00e9 a capital federal para vender dez bandeiras que havia comprado em sua cidade. Com o dinheiro, pretendia pagar a pens\u00e3o do filho e garantir o pr\u00f3prio sustento.<\/p>\n<p>Durante a noite, Silva dormiu sob uma \u00e1rvore nas cercanias do Est\u00e1dio Man\u00e9 Garrincha. \u00c0s 5 horas do dia seguinte, sem pretens\u00f5es pol\u00edticas, levantou-se para ir at\u00e9 o Quartel-General (QG) de Bras\u00edlia, onde soube que havia gente acampada que poderia comprar seus produtos.<\/p>\n<p>Ao chegar ao QG, vendeu apenas tr\u00eas unidades, pois acabou preso pela pol\u00edcia junto dos demais manifestantes.<\/p>\n<h3 class=\"wp-block-heading\">Pris\u00e3o do vendedor de bandeiras do 8 de janeiro<\/h3>\n<p>Detido na Papuda por tr\u00eas meses, Silva ganhou a \u201cmeia liberdade\u201d, em mar\u00e7o daquele ano, em virtude da tornozeleira eletr\u00f4nica e outras medidas restritivas estabelecidas pelo ministro Alexandre de Moraes, do Supremo Tribunal Federal.<\/p>\n<p>Embora solto, a vida continuou dif\u00edcil. Isso porque Silva tem hora para voltar para casa e n\u00e3o pode sair aos fins de semana. Dessa forma, as cautelares dificultam que ele tenha empregos com carteira.<\/p>\n<p>Para complementar a renda que ganha fazendo bicos de pedreiro e capinagem, Silva conta com a ajuda do irm\u00e3o, que tamb\u00e9m o auxilia no pagamento da pens\u00e3o do menino de 11 anos.<\/p>\n<p>\u201cO denunciado nunca foi para a Pra\u00e7a dos Tr\u00eas Poderes, como pode provar pelo rastreamento de seu celular, muito depois da ocorr\u00eancia dos atos criminosos a ele imputados\u201d, observou a defesa, na a\u00e7\u00e3o. \u201cNunca se associou a pr\u00e1ticas criminosas nem corroborou com pr\u00e1ticas criminosas.\u201d Assim como centenas de presos do 8 de janeiro, Silva luta para provar que \u00e9 inocente.<\/p>\n<p><strong><a href=\"https:\/\/revistaoeste.com\/no-ponto\/preso-pelo-8-de-janeiro-vendedor-de-bandeiras-luta-para-provar-que-nao-tinha-nada-a-ver-com-o-ato\/\">Source link<\/a><\/strong><\/p>\n<\/div>\n<p><br \/>\n<br \/><a href=\"https:\/\/paulofigueiredoshow.com\/vendedor-de-bandeiras-preso-pelo-8-de-janeiro-luta-para-provar-sua-inocencia\/\">Source link <\/a><\/p>","protected":false},"excerpt":{"rendered":"<p>Foto \u2013 TON MOLINA Homem foi a Bras\u00edlia para vender mercadorias a fim de pagar a pens\u00e3o do filho, mas acabou detido pela pol\u00edcia no Quartel-General O ambulante Paulo da&hellip;<\/p>","protected":false},"author":1,"featured_media":5746,"comment_status":"closed","ping_status":"open","sticky":false,"template":"","format":"standard","meta":{"content-type":"","footnotes":""},"categories":[16],"tags":[1469,6925,972,9635,28851,425,6621,93,28852,1475,18078,871,28853],"class_list":["post-50482","post","type-post","status-publish","format-standard","has-post-thumbnail","hentry","category-noticias","tag-8-1","tag-bandeira","tag-defesa","tag-df","tag-inocencia","tag-moraes","tag-perseguicao","tag-politica","tag-porvar","tag-preso","tag-qg","tag-stf","tag-vendedor"],"_links":{"self":[{"href":"https:\/\/tvbrazilusa.com\/pt\/wp-json\/wp\/v2\/posts\/50482","targetHints":{"allow":["GET"]}}],"collection":[{"href":"https:\/\/tvbrazilusa.com\/pt\/wp-json\/wp\/v2\/posts"}],"about":[{"href":"https:\/\/tvbrazilusa.com\/pt\/wp-json\/wp\/v2\/types\/post"}],"author":[{"embeddable":true,"href":"https:\/\/tvbrazilusa.com\/pt\/wp-json\/wp\/v2\/users\/1"}],"replies":[{"embeddable":true,"href":"https:\/\/tvbrazilusa.com\/pt\/wp-json\/wp\/v2\/comments?post=50482"}],"version-history":[{"count":1,"href":"https:\/\/tvbrazilusa.com\/pt\/wp-json\/wp\/v2\/posts\/50482\/revisions"}],"predecessor-version":[{"id":50483,"href":"https:\/\/tvbrazilusa.com\/pt\/wp-json\/wp\/v2\/posts\/50482\/revisions\/50483"}],"wp:featuredmedia":[{"embeddable":true,"href":"https:\/\/tvbrazilusa.com\/pt\/wp-json\/wp\/v2\/media\/5746"}],"wp:attachment":[{"href":"https:\/\/tvbrazilusa.com\/pt\/wp-json\/wp\/v2\/media?parent=50482"}],"wp:term":[{"taxonomy":"category","embeddable":true,"href":"https:\/\/tvbrazilusa.com\/pt\/wp-json\/wp\/v2\/categories?post=50482"},{"taxonomy":"post_tag","embeddable":true,"href":"https:\/\/tvbrazilusa.com\/pt\/wp-json\/wp\/v2\/tags?post=50482"}],"curies":[{"name":"wp","href":"https:\/\/api.w.org\/{rel}","templated":true}]}}