{"id":5055,"date":"2024-07-21T14:33:01","date_gmt":"2024-07-21T14:33:01","guid":{"rendered":"https:\/\/tvbrazilusa.com\/2024\/07\/21\/rei-charles-iii-e-retirado-as-pressas-de-evento-apos-segurancas-britanicos-avistarem-homem-em-telhado\/"},"modified":"2024-07-21T14:39:12","modified_gmt":"2024-07-21T14:39:12","slug":"rei-charles-iii-e-retirado-as-pressas-de-evento-apos-segurancas-britanicos-avistarem-homem-em-telhado","status":"publish","type":"post","link":"https:\/\/tvbrazilusa.com\/pt\/2024\/07\/21\/rei-charles-iii-e-retirado-as-pressas-de-evento-apos-segurancas-britanicos-avistarem-homem-em-telhado\/","title":{"rendered":"Rei Charles III \u00e9 retirado \u00e0s pressas de evento ap\u00f3s seguran\u00e7as brit\u00e2nicos avistarem homem em telhado"},"content":{"rendered":"<p> <script async src=\"https:\/\/pagead2.googlesyndication.com\/pagead\/js\/adsbygoogle.js?client=ca-pub-8864793242727901\"\r\n     crossorigin=\"anonymous\"><\/script><br \/>\n<\/p>\n<div>\n<p>Foto: Reprodu\u00e7\u00e3o.<\/p>\n<p>Em um acontecimento recente que chamou a aten\u00e7\u00e3o da m\u00eddia internacional, o Rei Charles III, junto \u00e0 Rainha Camilla, vivenciou momentos de tens\u00e3o durante um evento p\u00fablico. O casal real foi prontamente escoltado a um local seguro ap\u00f3s um alerta de seguran\u00e7a. Esse epis\u00f3dio ocorreu em Jersey, uma ilha brit\u00e2nica, marcando o evento com uma nota de preocupa\u00e7\u00e3o.<\/p>\n<p>O susto foi provocado pela presen\u00e7a de um homem n\u00e3o identificado em um telhado pr\u00f3ximo ao local onde os nobres se encontravam. Esse incidente trouxe \u00e0 tona lembran\u00e7as do recente atentado contra Donald Trump, elevando imediatamente os n\u00edveis de alerta entre os seguran\u00e7as. No entanto, ap\u00f3s uma r\u00e1pida interven\u00e7\u00e3o, verificou-se que o suspeito era apenas um admirador querendo observar a realeza de perto.<\/p>\n<h2 class=\"wp-block-heading\">O que aconteceu exatamente com o Rei Charles e a Rainha em Jersey?<\/h2>\n<p>O incidente ocorreu na \u00faltima segunda-feira, e o Rei Charles III, juntamente com a Rainha Camilla, estavam em St Helier, a capital de Jersey. Durante a visita, um homem apareceu abruptamente no telhado de um pr\u00e9dio pr\u00f3ximo, observando o casal real. A seguran\u00e7a agiu imediatamente, contendo a situa\u00e7\u00e3o sem maiores complica\u00e7\u00f5es ap\u00f3s verificar que se tratava de um f\u00e3, e n\u00e3o de uma amea\u00e7a.<\/p>\n<p>A seguran\u00e7a da Fam\u00edlia Real \u00e9 assunto de alta sensibilidade e import\u00e2ncia. Frequentemente expostos ao p\u00fablico e a grandes multid\u00f5es, a prote\u00e7\u00e3o de figuras como o Rei Charles III e a Rainho Camilla \u00e9 sempre tratada com m\u00e1xima prioridade. Esse epis\u00f3dio em Jersey destaca a efici\u00eancia e a rapidez com que a equipe de seguran\u00e7a precisa operar.<\/p>\n<h2 class=\"wp-block-heading\">Rea\u00e7\u00f5es e procedimentos ap\u00f3s o incidente<\/h2>\n<p>Segundo relatos, ap\u00f3s a confirma\u00e7\u00e3o de que n\u00e3o havia perigo real, o programa real foi retomado. Uma fonte pr\u00f3xima \u00e0 Fam\u00edlia Real informou que, apesar do breve susto, todas as medidas de precau\u00e7\u00e3o foram executadas com sucesso, demonstrando o alto grau de preparo dos envolidos na prote\u00e7\u00e3o dos monarcas.<\/p>\n<p>O incidente de Jersey ser\u00e1 certamente revisado pela equipe respons\u00e1vel, com o objetivo de entender toda a din\u00e2mica do ocorrido e refinamento dos processos de seguran\u00e7a. Este epis\u00f3dio serve como um lembrete do ambiente imprevis\u00edvel no qual a realeza frequentemente se encontra.<\/p>\n<p>Ap\u00f3s incidentes como este, \u00e9 comum que haja uma revis\u00e3o detalhada dos procedimentos de seguran\u00e7a. A equipe de prote\u00e7\u00e3o analisa cada aspeto do ocorrido, propondo ajustes necess\u00e1rios para evitar qualquer risco similar no futuro. Este ciclo cont\u00ednuo de avalia\u00e7\u00e3o e aprimoramento \u00e9 vital para a salvaguarda dos membros da Fam\u00edlia Real em suas in\u00fameras apari\u00e7\u00f5es p\u00fablicas.<\/p>\n<p>Eventos como o de Jersey refor\u00e7am a necessidade de um sistema de seguran\u00e7a extremamente eficiente e constantemente atualizado, assegurando a seguran\u00e7a de figuras p\u00fablicas de alto perfil em qualquer circunst\u00e2ncia.<\/p>\n<\/p><\/div>\n<p><br \/>\n<br \/><a href=\"https:\/\/terrabrasilnoticias.com\/2024\/07\/rei-charles-iii-e-retirado-as-pressas-de-evento-apos-segurancas-britanicos-avistarem-homem-em-telhado\/\">Source link <\/a><\/p>","protected":false},"excerpt":{"rendered":"<p>Foto: Reprodu\u00e7\u00e3o. Em um acontecimento recente que chamou a aten\u00e7\u00e3o da m\u00eddia internacional, o Rei Charles III, junto \u00e0 Rainha Camilla, vivenciou momentos de tens\u00e3o durante um evento p\u00fablico. O&hellip;<\/p>","protected":false},"author":1,"featured_media":5056,"comment_status":"closed","ping_status":"open","sticky":false,"template":"","format":"standard","meta":{"content-type":"","footnotes":""},"categories":[16],"tags":[],"class_list":["post-5055","post","type-post","status-publish","format-standard","has-post-thumbnail","hentry","category-noticias"],"_links":{"self":[{"href":"https:\/\/tvbrazilusa.com\/pt\/wp-json\/wp\/v2\/posts\/5055","targetHints":{"allow":["GET"]}}],"collection":[{"href":"https:\/\/tvbrazilusa.com\/pt\/wp-json\/wp\/v2\/posts"}],"about":[{"href":"https:\/\/tvbrazilusa.com\/pt\/wp-json\/wp\/v2\/types\/post"}],"author":[{"embeddable":true,"href":"https:\/\/tvbrazilusa.com\/pt\/wp-json\/wp\/v2\/users\/1"}],"replies":[{"embeddable":true,"href":"https:\/\/tvbrazilusa.com\/pt\/wp-json\/wp\/v2\/comments?post=5055"}],"version-history":[{"count":1,"href":"https:\/\/tvbrazilusa.com\/pt\/wp-json\/wp\/v2\/posts\/5055\/revisions"}],"predecessor-version":[{"id":5057,"href":"https:\/\/tvbrazilusa.com\/pt\/wp-json\/wp\/v2\/posts\/5055\/revisions\/5057"}],"wp:featuredmedia":[{"embeddable":true,"href":"https:\/\/tvbrazilusa.com\/pt\/wp-json\/wp\/v2\/media\/5056"}],"wp:attachment":[{"href":"https:\/\/tvbrazilusa.com\/pt\/wp-json\/wp\/v2\/media?parent=5055"}],"wp:term":[{"taxonomy":"category","embeddable":true,"href":"https:\/\/tvbrazilusa.com\/pt\/wp-json\/wp\/v2\/categories?post=5055"},{"taxonomy":"post_tag","embeddable":true,"href":"https:\/\/tvbrazilusa.com\/pt\/wp-json\/wp\/v2\/tags?post=5055"}],"curies":[{"name":"wp","href":"https:\/\/api.w.org\/{rel}","templated":true}]}}