{"id":50570,"date":"2024-10-21T22:23:23","date_gmt":"2024-10-21T22:23:23","guid":{"rendered":"https:\/\/tvbrazilusa.com\/2024\/10\/21\/manuela-davila-anuncia-saida-do-pcdob-depois-de-25-anos\/"},"modified":"2024-10-21T22:23:24","modified_gmt":"2024-10-21T22:23:24","slug":"manuela-davila-anuncia-saida-do-pcdob-depois-de-25-anos","status":"publish","type":"post","link":"https:\/\/tvbrazilusa.com\/pt\/2024\/10\/21\/manuela-davila-anuncia-saida-do-pcdob-depois-de-25-anos\/","title":{"rendered":"Manuela D&#8217;\u00c1vila anuncia sa\u00edda do PCdoB depois de 25 anos"},"content":{"rendered":"<p> <script async src=\"https:\/\/pagead2.googlesyndication.com\/pagead\/js\/adsbygoogle.js?client=ca-pub-8864793242727901\"\r\n     crossorigin=\"anonymous\"><\/script><br \/>\n<\/p>\n<div id=\"taboola-read-more\" style=\"display:block; width:100%\">\n<p>A ex-deputada federal Manuela D\u2019\u00c1vila anunciou sua sa\u00edda do Partido Comunista do Brasil (PCdoB) depois de 25 anos. Manuela deu a declara\u00e7\u00e3o na \u00faltima quarta-feira, 16, durante um debate do Instituto Conhecimento Liberta (ICL), que discutia \u201co futuro da esquerda no Brasil\u201d.\n<\/p>\n<p>\u201cDepois de 25 anos num \u00fanico partido, eu n\u00e3o sou uma mulher sem partido por op\u00e7\u00e3o, eu sou por falta de op\u00e7\u00e3o, por falta de condi\u00e7\u00f5es de qual caminho seguir\u201d, afirmou a ex-deputada. \u201cEsta \u00e9 minha reflex\u00e3o individual e coletiva daqueles que militam comigo. Hoje sou uma mulher sem partido, por isso posso criticar todos eles.\u201d<\/p>\n<p>A ex-integrante do PCdoB debatia sobre a possibilidade de criar um novo partido do espectro da esquerda. Ela atuou como vereadora de Porto Alegre, deputada federal e deputada estadual pelo Partido Comunista do Brasil.\n<\/p>\n<p>No ano de 2018, Manuela D\u2019\u00c1vila entrou na chapa de Fernando Haddad, ent\u00e3o candidato \u00e0 Presid\u00eancia da Rep\u00fablica, para disputar a cadeira de vice-presidente. A dupla perdeu para o ex-presidente Jair Bolsonaro, que venceu, no segundo turno, com 55,1% (57,7 milh\u00f5es) dos votos v\u00e1lidos.\n<\/p>\n<p>A disputa presidencial n\u00e3o foi a \u00fanica derrota eleitoral de Manuela. Pelo PCdoB, ela se candidatou \u00e0 Prefeitura de Porto Alegre em tr\u00eas ocasi\u00f5es: 2008, 2012 e 2020. Perdeu em todas as ocasi\u00f5es.\n<\/p>\n<p>Durante a conversa do ICL, a ex-deputada revelou a crise que a esquerda enfrenta em tentar derrotar Bolsonaro.\n<\/p>\n<p>\u201cO m\u00ednimo \u00e9 o direito de debater com franqueza\u201d, explicou Manuela. \u201cSinto certa obstru\u00e7\u00e3o. Cada vez que a gente abre uma mesa sobre como avan\u00e7ar na esquerda, a gente escuta: \u2018Opa, est\u00e3o ajudando Bolsonaro\u2019. Eu n\u00e3o estou\u201d.\n<\/p>\n<p>Ao lado da ex-parlamentar estava o deputado federal Lindbergh Farias (PT-RJ). A dupla estava acompanhada do deputado estadual Renato Freitas (PT-PR).\n<\/p>\n<p>PCdoB diz n\u00e3o ter recebido um pedido formal de desfilia\u00e7\u00e3o de Manuela D\u2019\u00c1vila<br \/>Apesar de todas as declara\u00e7\u00f5es de Manuela D\u2019\u00c1vila sobre a sua sa\u00edda do PCdoB, o partido informou ao jornal O Globo que n\u00e3o recebeu nenhum pedido formal de desfilia\u00e7\u00e3o. At\u00e9 o momento, a ex-parlamentar n\u00e3o se posicionou sobre o assunto.\n<\/p>\n<p>Fonte: Revista Oeste <\/p>\n<\/div>\n<p><br \/>\n<br \/><a href=\"https:\/\/diariodobrasilnoticias.com.br\/noticia\/manuela-d-avila-anuncia-saida-do-pcdob-depois-de-25-anos-6716aa4429a0d\">Source link <\/a><\/p>","protected":false},"excerpt":{"rendered":"<p>A ex-deputada federal Manuela D\u2019\u00c1vila anunciou sua sa\u00edda do Partido Comunista do Brasil (PCdoB) depois de 25 anos. Manuela deu a declara\u00e7\u00e3o na \u00faltima quarta-feira, 16, durante um debate do&hellip;<\/p>","protected":false},"author":1,"featured_media":50571,"comment_status":"closed","ping_status":"open","sticky":false,"template":"","format":"standard","meta":{"content-type":"","footnotes":""},"categories":[16],"tags":[123,2448,5313,1267],"class_list":["post-50570","post","type-post","status-publish","format-standard","has-post-thumbnail","hentry","category-noticias","tag-brasil","tag-diario","tag-noticia","tag-noticias"],"_links":{"self":[{"href":"https:\/\/tvbrazilusa.com\/pt\/wp-json\/wp\/v2\/posts\/50570","targetHints":{"allow":["GET"]}}],"collection":[{"href":"https:\/\/tvbrazilusa.com\/pt\/wp-json\/wp\/v2\/posts"}],"about":[{"href":"https:\/\/tvbrazilusa.com\/pt\/wp-json\/wp\/v2\/types\/post"}],"author":[{"embeddable":true,"href":"https:\/\/tvbrazilusa.com\/pt\/wp-json\/wp\/v2\/users\/1"}],"replies":[{"embeddable":true,"href":"https:\/\/tvbrazilusa.com\/pt\/wp-json\/wp\/v2\/comments?post=50570"}],"version-history":[{"count":1,"href":"https:\/\/tvbrazilusa.com\/pt\/wp-json\/wp\/v2\/posts\/50570\/revisions"}],"predecessor-version":[{"id":50572,"href":"https:\/\/tvbrazilusa.com\/pt\/wp-json\/wp\/v2\/posts\/50570\/revisions\/50572"}],"wp:featuredmedia":[{"embeddable":true,"href":"https:\/\/tvbrazilusa.com\/pt\/wp-json\/wp\/v2\/media\/50571"}],"wp:attachment":[{"href":"https:\/\/tvbrazilusa.com\/pt\/wp-json\/wp\/v2\/media?parent=50570"}],"wp:term":[{"taxonomy":"category","embeddable":true,"href":"https:\/\/tvbrazilusa.com\/pt\/wp-json\/wp\/v2\/categories?post=50570"},{"taxonomy":"post_tag","embeddable":true,"href":"https:\/\/tvbrazilusa.com\/pt\/wp-json\/wp\/v2\/tags?post=50570"}],"curies":[{"name":"wp","href":"https:\/\/api.w.org\/{rel}","templated":true}]}}