{"id":50579,"date":"2024-10-21T23:01:25","date_gmt":"2024-10-21T23:01:25","guid":{"rendered":"https:\/\/tvbrazilusa.com\/2024\/10\/21\/bolsonaro-como-lula-tambem-caiu-em-banheiro-do-palacio-da-alvorada\/"},"modified":"2024-10-21T23:01:26","modified_gmt":"2024-10-21T23:01:26","slug":"bolsonaro-como-lula-tambem-caiu-em-banheiro-do-palacio-da-alvorada","status":"publish","type":"post","link":"https:\/\/tvbrazilusa.com\/pt\/2024\/10\/21\/bolsonaro-como-lula-tambem-caiu-em-banheiro-do-palacio-da-alvorada\/","title":{"rendered":"Bolsonaro, como Lula, tamb\u00e9m caiu em banheiro do Pal\u00e1cio da Alvorada"},"content":{"rendered":"<p> <script async src=\"https:\/\/pagead2.googlesyndication.com\/pagead\/js\/adsbygoogle.js?client=ca-pub-8864793242727901\"\r\n     crossorigin=\"anonymous\"><\/script><br \/>\n<\/p>\n<div id=\"taboola-read-more\" style=\"display:block; width:100%\">\n<p>O ex-presidente Jair Bolsonaro tamb\u00e9m caiu no banheiro do Pal\u00e1cio do Alvorada, onde Lula se acidentou, no \u00faltimo s\u00e1bado (19). A queda de Bolsonaro aconteceu em 23 de dezembro de 2019, quando ainda estava \u00e0 frente do governo federal.\n<\/p>\n<p>&#8220;Deu uma derrapada no banheiro, ca\u00ed em verdadeira grandeza de costas, perdi uma parte da mem\u00f3ria, a parte ruim, depois recuperei a parte ruim. Serviu de alerta para mim, e vamos lan\u00e7ar a campanha para velharia andar devagar no banheiro. Foi a primeira vez, e espero que seja a \u00faltima&#8221;, disse o ex-presidente em sua \u00faltima live no ano de 2019.<\/p>\n<p>Ap\u00f3s a queda, Lula precisou ser levado para o Hospital S\u00edrio-Liban\u00eas de Bras\u00edlia. O presidente levou cinco pontos na parte de tr\u00e1s da cabe\u00e7a e, em fun\u00e7\u00e3o da les\u00e3o, precisou cancelar a viagem que faria \u00e0 R\u00fassia para a reuni\u00e3o dos Brics.\n<\/p>\n<p>Fonte: SBT News\n<\/p>\n<\/div>\n<p><br \/>\n<br \/><a href=\"https:\/\/diariodobrasilnoticias.com.br\/noticia\/bolsonaro-como-lula-tambem-caiu-em-banheiro-do-palacio-da-alvorada-6716baaac2670\">Source link <\/a><\/p>","protected":false},"excerpt":{"rendered":"<p>O ex-presidente Jair Bolsonaro tamb\u00e9m caiu no banheiro do Pal\u00e1cio do Alvorada, onde Lula se acidentou, no \u00faltimo s\u00e1bado (19). A queda de Bolsonaro aconteceu em 23 de dezembro de&hellip;<\/p>","protected":false},"author":1,"featured_media":50580,"comment_status":"closed","ping_status":"open","sticky":false,"template":"","format":"standard","meta":{"content-type":"","footnotes":""},"categories":[16],"tags":[123,2448,5313,1267],"class_list":["post-50579","post","type-post","status-publish","format-standard","has-post-thumbnail","hentry","category-noticias","tag-brasil","tag-diario","tag-noticia","tag-noticias"],"_links":{"self":[{"href":"https:\/\/tvbrazilusa.com\/pt\/wp-json\/wp\/v2\/posts\/50579","targetHints":{"allow":["GET"]}}],"collection":[{"href":"https:\/\/tvbrazilusa.com\/pt\/wp-json\/wp\/v2\/posts"}],"about":[{"href":"https:\/\/tvbrazilusa.com\/pt\/wp-json\/wp\/v2\/types\/post"}],"author":[{"embeddable":true,"href":"https:\/\/tvbrazilusa.com\/pt\/wp-json\/wp\/v2\/users\/1"}],"replies":[{"embeddable":true,"href":"https:\/\/tvbrazilusa.com\/pt\/wp-json\/wp\/v2\/comments?post=50579"}],"version-history":[{"count":1,"href":"https:\/\/tvbrazilusa.com\/pt\/wp-json\/wp\/v2\/posts\/50579\/revisions"}],"predecessor-version":[{"id":50581,"href":"https:\/\/tvbrazilusa.com\/pt\/wp-json\/wp\/v2\/posts\/50579\/revisions\/50581"}],"wp:featuredmedia":[{"embeddable":true,"href":"https:\/\/tvbrazilusa.com\/pt\/wp-json\/wp\/v2\/media\/50580"}],"wp:attachment":[{"href":"https:\/\/tvbrazilusa.com\/pt\/wp-json\/wp\/v2\/media?parent=50579"}],"wp:term":[{"taxonomy":"category","embeddable":true,"href":"https:\/\/tvbrazilusa.com\/pt\/wp-json\/wp\/v2\/categories?post=50579"},{"taxonomy":"post_tag","embeddable":true,"href":"https:\/\/tvbrazilusa.com\/pt\/wp-json\/wp\/v2\/tags?post=50579"}],"curies":[{"name":"wp","href":"https:\/\/api.w.org\/{rel}","templated":true}]}}