{"id":50582,"date":"2024-10-21T23:14:00","date_gmt":"2024-10-21T23:14:00","guid":{"rendered":"https:\/\/tvbrazilusa.com\/2024\/10\/21\/moldavia-intensifica-apoio-a-adesao-a-uniao-europeia-apesar-da-suposta-interferencia-russa\/"},"modified":"2024-10-21T23:14:02","modified_gmt":"2024-10-21T23:14:02","slug":"moldavia-intensifica-apoio-a-adesao-a-uniao-europeia-apesar-da-suposta-interferencia-russa","status":"publish","type":"post","link":"https:\/\/tvbrazilusa.com\/pt\/2024\/10\/21\/moldavia-intensifica-apoio-a-adesao-a-uniao-europeia-apesar-da-suposta-interferencia-russa\/","title":{"rendered":"Mold\u00e1via intensifica apoio \u00e0 ades\u00e3o \u00e0 Uni\u00e3o Europeia, apesar da suposta interfer\u00eancia russa"},"content":{"rendered":"<p> <script async src=\"https:\/\/pagead2.googlesyndication.com\/pagead\/js\/adsbygoogle.js?client=ca-pub-8864793242727901\"\r\n     crossorigin=\"anonymous\"><\/script><br \/>\n<\/p>\n<div id=\"taboola-read-more\" style=\"display:block; width:100%\">\n<p>Em meio a um cen\u00e1rio de tens\u00f5es internacionais, a Mold\u00e1via tem manifestado seu apoio \u00e0 ades\u00e3o \u00e0 Uni\u00e3o Europeia, apesar das interfer\u00eancias externas, especialmente da R\u00fassia. Esse posicionamento foi refor\u00e7ado depois do resultado do referendo sobre a ades\u00e3o ao bloco.\n<\/p>\n<p>A presidente Maia Sandu destacou a import\u00e2ncia de avan\u00e7ar com a integra\u00e7\u00e3o europeia, mesmo diante de desafios externos. Sandu afirmou que \u201ca interfer\u00eancia estrangeira n\u00e3o deve ditar o futuro da Mold\u00e1via\u201d, enfatizando a soberania do pa\u00eds nas suas decis\u00f5es. As informa\u00e7\u00f5es s\u00e3o do jornal El Pa\u00eds.<\/p>\n<p>Com 2,5 milh\u00f5es de habitantes, a Mold\u00e1via vive um momento de intensa polariza\u00e7\u00e3o entre a possibilidade de ades\u00e3o \u00e0 Uni\u00e3o Europeia e a influ\u00eancia da R\u00fassia. O referendo constitucional realizado neste domingo, 20, foi marcado por campanhas de grupos pr\u00f3-russos que incentivaram o boicote ao pleito.\n<\/p>\n<p>Com quase 100% das urnas apuradas, e restando apenas alguns votos do exterior, a op\u00e7\u00e3o de avan\u00e7ar no processo de ades\u00e3o \u00e0 UE, apoiada por Sandu, conquistou uma vit\u00f3ria apertada. A margem foi m\u00ednima: 50,45% dos eleitores votaram a favor da ades\u00e3o, enquanto 49,55% foram contr\u00e1rios.\n<\/p>\n<p>Maia Sandu atribuiu a estreita diferen\u00e7a de votos \u00e0 interfer\u00eancia de \u201cgrupos criminosos e for\u00e7as estrangeiras hostis\u201d, que teriam comprado 300 mil votos para tentar manipular o resultado. \u201cO objetivo deles era minar o processo democr\u00e1tico, espalhando medo e p\u00e2nico na sociedade\u201d, afirmou a presidente, sem mencionar diretamente a R\u00fassia.\n<\/p>\n<p>Impacto no futuro pol\u00edtico da Mold\u00e1via<br \/>Al\u00e9m do referendo sobre a Uni\u00e3o Europeia, as elei\u00e7\u00f5es presidenciais parciais t\u00eam gerado aten\u00e7\u00e3o. Figuras pol\u00edticas, como Nicu Popescu e Vadim Pistrinciuc, t\u00eam comentado o impacto dos resultados eleitorais no futuro pol\u00edtico da Mold\u00e1via.\n<\/p>\n<p>Internacionalmente, a rea\u00e7\u00e3o dos EUA tem sido de apoio \u00e0 decis\u00e3o moldava, enquanto a R\u00fassia manifesta preocupa\u00e7\u00f5es sobre as implica\u00e7\u00f5es geopol\u00edticas. A situa\u00e7\u00e3o na Transn\u00edstria tamb\u00e9m \u00e9 um ponto cr\u00edtico, com poss\u00edveis implica\u00e7\u00f5es futuras na estabilidade regional.\n<\/p>\n<p>Nesta segunda-feira, Roberta Metsola, presidente do Parlamento Europeu, celebrou o resultado e parabenizou a Mold\u00e1via. \u201cMuito bem, Rep\u00fablica da Mold\u00e1via! Obrigada pela sua bravura\u201d, escreveu Metsola no Twitter\/X. Em romeno, ela acrescentou: \u201cA Europa \u00e9 Mold\u00e1via e Mold\u00e1via \u00e9 Europa. Nosso futuro ser\u00e1 escrito juntos.\u201d\n<\/p>\n<p><strong>Contexto hist\u00f3rico e desafios futuros<\/strong><br \/>O contexto hist\u00f3rico da Mold\u00e1via, marcada por influ\u00eancias sovi\u00e9ticas, ainda reverbera na pol\u00edtica atual. A rela\u00e7\u00e3o com a R\u00fassia continua a ser um desafio, enquanto o pa\u00eds busca firmar la\u00e7os mais fortes com a UE.\n<\/p>\n<p>O referendo e as elei\u00e7\u00f5es representam um momento decisivo para a Mold\u00e1via, com potenciais mudan\u00e7as pol\u00edticas e sociais significativas. A decis\u00e3o de se aproximar da UE \u00e9 vista como um passo estrat\u00e9gico para o desenvolvimento e a seguran\u00e7a do pa\u00eds.\n<\/p>\n<p>Fonte: Revista Oeste <\/p>\n<\/div>\n<p><br \/>\n<br \/><a href=\"https:\/\/diariodobrasilnoticias.com.br\/noticia\/moldavia-intensifica-apoio-a-adesao-a-uniao-europeia-apesar-da-suposta-interferencia-russa-6716bbc582e44\">Source link <\/a><\/p>","protected":false},"excerpt":{"rendered":"<p>Em meio a um cen\u00e1rio de tens\u00f5es internacionais, a Mold\u00e1via tem manifestado seu apoio \u00e0 ades\u00e3o \u00e0 Uni\u00e3o Europeia, apesar das interfer\u00eancias externas, especialmente da R\u00fassia. Esse posicionamento foi refor\u00e7ado&hellip;<\/p>","protected":false},"author":1,"featured_media":50583,"comment_status":"closed","ping_status":"open","sticky":false,"template":"","format":"standard","meta":{"content-type":"","footnotes":""},"categories":[16],"tags":[123,2448,5313,1267],"class_list":["post-50582","post","type-post","status-publish","format-standard","has-post-thumbnail","hentry","category-noticias","tag-brasil","tag-diario","tag-noticia","tag-noticias"],"_links":{"self":[{"href":"https:\/\/tvbrazilusa.com\/pt\/wp-json\/wp\/v2\/posts\/50582","targetHints":{"allow":["GET"]}}],"collection":[{"href":"https:\/\/tvbrazilusa.com\/pt\/wp-json\/wp\/v2\/posts"}],"about":[{"href":"https:\/\/tvbrazilusa.com\/pt\/wp-json\/wp\/v2\/types\/post"}],"author":[{"embeddable":true,"href":"https:\/\/tvbrazilusa.com\/pt\/wp-json\/wp\/v2\/users\/1"}],"replies":[{"embeddable":true,"href":"https:\/\/tvbrazilusa.com\/pt\/wp-json\/wp\/v2\/comments?post=50582"}],"version-history":[{"count":1,"href":"https:\/\/tvbrazilusa.com\/pt\/wp-json\/wp\/v2\/posts\/50582\/revisions"}],"predecessor-version":[{"id":50584,"href":"https:\/\/tvbrazilusa.com\/pt\/wp-json\/wp\/v2\/posts\/50582\/revisions\/50584"}],"wp:featuredmedia":[{"embeddable":true,"href":"https:\/\/tvbrazilusa.com\/pt\/wp-json\/wp\/v2\/media\/50583"}],"wp:attachment":[{"href":"https:\/\/tvbrazilusa.com\/pt\/wp-json\/wp\/v2\/media?parent=50582"}],"wp:term":[{"taxonomy":"category","embeddable":true,"href":"https:\/\/tvbrazilusa.com\/pt\/wp-json\/wp\/v2\/categories?post=50582"},{"taxonomy":"post_tag","embeddable":true,"href":"https:\/\/tvbrazilusa.com\/pt\/wp-json\/wp\/v2\/tags?post=50582"}],"curies":[{"name":"wp","href":"https:\/\/api.w.org\/{rel}","templated":true}]}}