{"id":5060,"date":"2024-07-21T14:46:15","date_gmt":"2024-07-21T14:46:15","guid":{"rendered":"https:\/\/tvbrazilusa.com\/2024\/07\/21\/nikolas-ferreira-levanta-debate-sobre-ofensas-de-filho-de-lula-a-janja-e-critica-militancia-seletiva\/"},"modified":"2024-07-21T14:49:32","modified_gmt":"2024-07-21T14:49:32","slug":"nikolas-ferreira-levanta-debate-sobre-ofensas-de-filho-de-lula-a-janja-e-critica-militancia-seletiva","status":"publish","type":"post","link":"https:\/\/tvbrazilusa.com\/pt\/2024\/07\/21\/nikolas-ferreira-levanta-debate-sobre-ofensas-de-filho-de-lula-a-janja-e-critica-militancia-seletiva\/","title":{"rendered":"Nikolas Ferreira levanta debate sobre ofensas de filho de Lula a Janja e critica milit\u00e2ncia seletiva"},"content":{"rendered":"<p> <script async src=\"https:\/\/pagead2.googlesyndication.com\/pagead\/js\/adsbygoogle.js?client=ca-pub-8864793242727901\"\r\n     crossorigin=\"anonymous\"><\/script><br \/>\n<\/p>\n<div>\n<p>Foto: Reprodu\u00e7\u00e3o.<\/p>\n<p>Em um recente desdobramento pol\u00edtico-social, o presidente Lula fez uma declara\u00e7\u00e3o que referenciou a viol\u00eancia contras as mulheres associando-a a torcedores de futebol, especificamente do Corinthians. Paralelamente, Lu\u00eds Cl\u00e1udio, filho do presidente, se envolveu num epis\u00f3dio desagrad\u00e1vel ao insultar a primeira-dama, Janja, durante uma conversa particular que veio a p\u00fablico.<\/p>\n<p>A rea\u00e7\u00e3o a esses eventos n\u00e3o demorou. O deputado federal Nikolas Ferreira (PL-MG) usou suas redes sociais para questionar a conduta de Lula, trazendo \u00e0 tona a quest\u00e3o da responsabilidade e imagem p\u00fablica que envolvem o cargo presidencial e sua fam\u00edlia. As palavras escolhidas por Lu\u00eds Cl\u00e1udio para se referir \u00e0 madrasta geraram grande pol\u00eamica e motivaram investiga\u00e7\u00f5es, ampliando o foco da m\u00eddia sobre o incidente.<\/p>\n<blockquote class=\"twitter-tweet\">\n<p lang=\"es\" dir=\"ltr\">Vamos ver\u2026 <a href=\"https:\/\/t.co\/iamBbmrZ8g\">pic.twitter.com\/iamBbmrZ8g<\/a><\/p>\n<p>\u2014 Nikolas Ferreira (@nikolas_dm) <a href=\"https:\/\/twitter.com\/nikolas_dm\/status\/1814325457229131959?ref_src=twsrc%5Etfw\">July 19, 2024<\/a><\/p><\/blockquote>\n<h2 class=\"wp-block-heading\">Qual a rela\u00e7\u00e3o entre viol\u00eancia contra a mulher e torcedores de futebol?<\/h2>\n<p>Em uma tentativa de explicar o fen\u00f4meno da viol\u00eancia de g\u00eanero, Lula mencionou que existe uma pesquisa indicando um aumento nos casos de viol\u00eancia contra a mulher ap\u00f3s jogos de futebol. Ainda assim, suas palavras foram interpretadas por alguns como uma tentativa de normalizar comportamentos violentos ao associ\u00e1-los ao time de futebol. Esta declara\u00e7\u00e3o ressoou negativamente, especialmente quando conectada ao comportamento de seu filho na esfera privada.<\/p>\n<p><a href=\"https:\/\/terrabrasilnoticias.com\/2024\/07\/apos-ter-dito-que-tudo-bem-corinthiano-bater-em-mulher-lula-tenta-se-justificar\/\" target=\"_blank\" rel=\"noreferrer noopener\">Ap\u00f3s ter dito que \u201ctudo bem\u201d corinthiano bater em mulher, Lula tenta se justificar<\/a><\/p>\n<figure class=\"wp-block-image size-large\"><picture decoding=\"async\" class=\"wp-image-158860\"><source type=\"image\/webp\" srcset=\"https:\/\/terrabrasilnoticias.com\/wp-content\/uploads\/2024\/07\/image-655-1024x751.png.webp 1024w, https:\/\/terrabrasilnoticias.com\/wp-content\/uploads\/2024\/07\/image-655-300x220.png.webp 300w, https:\/\/terrabrasilnoticias.com\/wp-content\/uploads\/2024\/07\/image-655-768x563.png.webp 768w, https:\/\/terrabrasilnoticias.com\/wp-content\/uploads\/2024\/07\/image-655-750x550.png.webp 750w, https:\/\/terrabrasilnoticias.com\/wp-content\/uploads\/2024\/07\/image-655-1140x836.png.webp 1140w, https:\/\/terrabrasilnoticias.com\/wp-content\/uploads\/2024\/07\/image-655.png.webp 1149w\" sizes=\"(max-width: 1024px) 100vw, 1024px\"\/><\/picture>\n<\/figure>\n<h2 class=\"wp-block-heading\">Declara\u00e7\u00f5es de Lula e atitudes de Lu\u00eds Cl\u00e1udio<\/h2>\n<p>Ap\u00f3s a fala do presidente e os insultos proferidos por Lu\u00eds Cl\u00e1udio, houve uma r\u00e1pida repercuss\u00e3o na m\u00eddia e nas redes sociais. A situa\u00e7\u00e3o conduziu a uma investiga\u00e7\u00e3o sobre as acusa\u00e7\u00f5es de viol\u00eancia por parte de Lu\u00eds Cl\u00e1udio contra sua ex-esposa, Nat\u00e1lia Schincariol. Al\u00e9m disso, a tentativa de negar a exist\u00eancia das mensagens ofensivas por parte de Lu\u00eds Cl\u00e1udio apenas intensificou o escrut\u00ednio p\u00fablico e media\u00e7\u00e3o do caso.<\/p>\n<p><a href=\"https:\/\/terrabrasilnoticias.com\/2024\/07\/print-vaza-e-conversa-do-filho-de-lula-xingando-janja-e-exposta-p-veja\/\" target=\"_blank\" rel=\"noreferrer noopener\">Print vaza e conversa do filho de Lula xingando Janja \u00e9 exposta: \u201cP***\u201d; VEJA<\/a><\/p>\n<figure class=\"wp-block-image size-full\"><picture decoding=\"async\" class=\"wp-image-158859\"><source type=\"image\/webp\" srcset=\"https:\/\/terrabrasilnoticias.com\/wp-content\/uploads\/2024\/07\/image-654.png.webp 700w, https:\/\/terrabrasilnoticias.com\/wp-content\/uploads\/2024\/07\/image-654-300x242.png.webp 300w\" sizes=\"(max-width: 700px) 100vw, 700px\"\/><img fetchpriority=\"high\" decoding=\"async\" width=\"700\" height=\"565\" src=\"https:\/\/terrabrasilnoticias.com\/wp-content\/uploads\/2024\/07\/image-654.png\" alt=\"\" srcset=\"https:\/\/terrabrasilnoticias.com\/wp-content\/uploads\/2024\/07\/image-654.png 700w, https:\/\/terrabrasilnoticias.com\/wp-content\/uploads\/2024\/07\/image-654-300x242.png 300w\" sizes=\"(max-width: 700px) 100vw, 700px\"\/>\n<\/picture>\n<\/figure>\n<h2 class=\"wp-block-heading\">Como a pol\u00edtica e a \u00e9tica se entrela\u00e7am nesse cen\u00e1rio?<\/h2>\n<p>O incidente levanta quest\u00f5es profundas sobre \u00e9tica pol\u00edtica e responsabilidade pessoal. Enquanto figura p\u00fablica, cada declara\u00e7\u00e3o do presidente reverbera de maneira intensa na sociedade, exigindo um cuidado especial com as palavras e atitudes, tanto suas quanto de seus familiares pr\u00f3ximos. A intersec\u00e7\u00e3o entre vida pessoal e responsabilidade p\u00fablica nunca foi t\u00e3o evidente e est\u00e1 propensa a debates acalorados sobre os limites entre o pessoal e o pol\u00edtico na governan\u00e7a contempor\u00e2nea.<\/p>\n<p>Estes epis\u00f3dios sublinham a necessidade urgente de abordagens mais cautelosas e respeitosas dentro da arena pol\u00edtica, especialmente em t\u00f3picos sens\u00edveis como a viol\u00eancia de g\u00eanero. As rea\u00e7\u00f5es e as cr\u00edticas recebidas indicam a import\u00e2ncia da coer\u00eancia e integridade no comportamento p\u00fablico, aspectos que s\u00e3o decisivos na constru\u00e7\u00e3o de confian\u00e7a e respeito entre a popula\u00e7\u00e3o e seus l\u00edderes.<\/p>\n<p><strong>Siga-nos para mais atualiza\u00e7\u00f5es sobre este e outros temas relevantes!<\/strong><\/p>\n<\/p><\/div>\n<p><script async src=\"\/\/platform.twitter.com\/widgets.js\" charset=\"utf-8\"><\/script><br \/>\n<br \/><br \/>\n<br \/><a href=\"https:\/\/terrabrasilnoticias.com\/2024\/07\/nikolas-ferreira-levanta-debate-sobre-ofensas-de-filho-de-lula-a-janja-e-critica-militancia-seletiva\/\">Source link <\/a><\/p>","protected":false},"excerpt":{"rendered":"<p>Foto: Reprodu\u00e7\u00e3o. Em um recente desdobramento pol\u00edtico-social, o presidente Lula fez uma declara\u00e7\u00e3o que referenciou a viol\u00eancia contras as mulheres associando-a a torcedores de futebol, especificamente do Corinthians. Paralelamente, Lu\u00eds&hellip;<\/p>","protected":false},"author":1,"featured_media":5061,"comment_status":"closed","ping_status":"open","sticky":false,"template":"","format":"standard","meta":{"content-type":"","footnotes":""},"categories":[16],"tags":[],"class_list":["post-5060","post","type-post","status-publish","format-standard","has-post-thumbnail","hentry","category-noticias"],"_links":{"self":[{"href":"https:\/\/tvbrazilusa.com\/pt\/wp-json\/wp\/v2\/posts\/5060","targetHints":{"allow":["GET"]}}],"collection":[{"href":"https:\/\/tvbrazilusa.com\/pt\/wp-json\/wp\/v2\/posts"}],"about":[{"href":"https:\/\/tvbrazilusa.com\/pt\/wp-json\/wp\/v2\/types\/post"}],"author":[{"embeddable":true,"href":"https:\/\/tvbrazilusa.com\/pt\/wp-json\/wp\/v2\/users\/1"}],"replies":[{"embeddable":true,"href":"https:\/\/tvbrazilusa.com\/pt\/wp-json\/wp\/v2\/comments?post=5060"}],"version-history":[{"count":1,"href":"https:\/\/tvbrazilusa.com\/pt\/wp-json\/wp\/v2\/posts\/5060\/revisions"}],"predecessor-version":[{"id":5062,"href":"https:\/\/tvbrazilusa.com\/pt\/wp-json\/wp\/v2\/posts\/5060\/revisions\/5062"}],"wp:featuredmedia":[{"embeddable":true,"href":"https:\/\/tvbrazilusa.com\/pt\/wp-json\/wp\/v2\/media\/5061"}],"wp:attachment":[{"href":"https:\/\/tvbrazilusa.com\/pt\/wp-json\/wp\/v2\/media?parent=5060"}],"wp:term":[{"taxonomy":"category","embeddable":true,"href":"https:\/\/tvbrazilusa.com\/pt\/wp-json\/wp\/v2\/categories?post=5060"},{"taxonomy":"post_tag","embeddable":true,"href":"https:\/\/tvbrazilusa.com\/pt\/wp-json\/wp\/v2\/tags?post=5060"}],"curies":[{"name":"wp","href":"https:\/\/api.w.org\/{rel}","templated":true}]}}