{"id":50656,"date":"2024-10-22T04:06:25","date_gmt":"2024-10-22T04:06:25","guid":{"rendered":"https:\/\/tvbrazilusa.com\/2024\/10\/22\/famosos-sao-acusados-de-estuprar-adolescente-com-o-cantor\/"},"modified":"2024-10-22T04:06:26","modified_gmt":"2024-10-22T04:06:26","slug":"famosos-sao-acusados-de-estuprar-adolescente-com-o-cantor","status":"publish","type":"post","link":"https:\/\/tvbrazilusa.com\/pt\/2024\/10\/22\/famosos-sao-acusados-de-estuprar-adolescente-com-o-cantor\/","title":{"rendered":"Famosos s\u00e3o acusados de estuprar adolescente com o cantor"},"content":{"rendered":"<p> <script async src=\"https:\/\/pagead2.googlesyndication.com\/pagead\/js\/adsbygoogle.js?client=ca-pub-8864793242727901\"\r\n     crossorigin=\"anonymous\"><\/script><br \/>\n<\/p>\n<div id=\"taboola-read-more\" style=\"display:block; width:100%\">\n<p>Sean Diddy Combs est\u00e1 sendo acusado de ter drogado e estuprado uma menina de 13 anos em um dos sete novos processos que foram abertos contra ele no \u00faltimo domingo (20\/10). Desta vez, por\u00e9m, outras duas celebridades tamb\u00e9m est\u00e3o envolvidas no caso.\n<\/p>\n<p>Um dos processos, obtido pela Variety, aponta que o crime teria ocorrido em 2000, na presen\u00e7a de outras duas celebridades \u2014 um homem e uma mulher \u2014 que n\u00e3o foram identificadas. Na ocasi\u00e3o, a v\u00edtima tentava conseguir um ingresso para assistir ao Video Music Awards (VMA), premia\u00e7\u00e3o da MTV.<\/p>\n<p>Sem sucesso, ela abordou v\u00e1rios motoristas de limusine ap\u00f3s o evento, na tentativa de conseguir um convite para alguma festa. Um dos motoristas, que supostamente trabalhava para Combs, levou a jovem para uma festa, onde ela assinou um acordo de confidencialidade e aceitou uma bebida.\n<\/p>\n<p>Depois de ingerir o drink, ela relata que \u201ccome\u00e7ou a se sentir tonta\u201d e foi at\u00e9 um quarto vazio para se deitar. Pouco depois, Combs teria entrado no quarto, acompanhado de \u201cuma celebridade masculina e uma feminina\u201d n\u00e3o identificados. Ela alega que foi estuprada pela celebridade masculina enquanto a outra assistia. Em seguida, ela teria sido abusada por Combs na presen\u00e7a dos dois famosos.\n<\/p>\n<p><strong>O processo aponta ainda que, ap\u00f3s o crime, a v\u00edtima \u201ccaiu em uma depress\u00e3o profunda que continua a afetar todas as facetas de sua vida\u201d.<\/strong>\n<\/p>\n<p>Tony Buzbee, advogado respons\u00e1vel pelos casos, usou as redes sociais para falar sobre as novas representa\u00e7\u00f5es. \u201cV\u00e1rios outros indiv\u00edduos s\u00e3o referenciados nos autos do caso, mas n\u00e3o s\u00e3o nomeados anteriormente como r\u00e9us neste momento. Deixaremos que as alega\u00e7\u00f5es nas queixas apresentadas falem por si mesmas e trabalharemos para que a justi\u00e7a seja feita\u201d, declarou.\n<\/p>\n<p>Fonte: Metr\u00f3poles <\/p>\n<\/div>\n<p><br \/>\n<br \/><a href=\"https:\/\/diariodobrasilnoticias.com.br\/noticia\/famosos-sao-acusados-de-estuprar-adolescente-com-o-cantor-6716e2adcacf6\">Source link <\/a><\/p>","protected":false},"excerpt":{"rendered":"<p>Sean Diddy Combs est\u00e1 sendo acusado de ter drogado e estuprado uma menina de 13 anos em um dos sete novos processos que foram abertos contra ele no \u00faltimo domingo&hellip;<\/p>","protected":false},"author":1,"featured_media":50657,"comment_status":"closed","ping_status":"open","sticky":false,"template":"","format":"standard","meta":{"content-type":"","footnotes":""},"categories":[16],"tags":[123,2448,5313,1267],"class_list":["post-50656","post","type-post","status-publish","format-standard","has-post-thumbnail","hentry","category-noticias","tag-brasil","tag-diario","tag-noticia","tag-noticias"],"_links":{"self":[{"href":"https:\/\/tvbrazilusa.com\/pt\/wp-json\/wp\/v2\/posts\/50656","targetHints":{"allow":["GET"]}}],"collection":[{"href":"https:\/\/tvbrazilusa.com\/pt\/wp-json\/wp\/v2\/posts"}],"about":[{"href":"https:\/\/tvbrazilusa.com\/pt\/wp-json\/wp\/v2\/types\/post"}],"author":[{"embeddable":true,"href":"https:\/\/tvbrazilusa.com\/pt\/wp-json\/wp\/v2\/users\/1"}],"replies":[{"embeddable":true,"href":"https:\/\/tvbrazilusa.com\/pt\/wp-json\/wp\/v2\/comments?post=50656"}],"version-history":[{"count":1,"href":"https:\/\/tvbrazilusa.com\/pt\/wp-json\/wp\/v2\/posts\/50656\/revisions"}],"predecessor-version":[{"id":50658,"href":"https:\/\/tvbrazilusa.com\/pt\/wp-json\/wp\/v2\/posts\/50656\/revisions\/50658"}],"wp:featuredmedia":[{"embeddable":true,"href":"https:\/\/tvbrazilusa.com\/pt\/wp-json\/wp\/v2\/media\/50657"}],"wp:attachment":[{"href":"https:\/\/tvbrazilusa.com\/pt\/wp-json\/wp\/v2\/media?parent=50656"}],"wp:term":[{"taxonomy":"category","embeddable":true,"href":"https:\/\/tvbrazilusa.com\/pt\/wp-json\/wp\/v2\/categories?post=50656"},{"taxonomy":"post_tag","embeddable":true,"href":"https:\/\/tvbrazilusa.com\/pt\/wp-json\/wp\/v2\/tags?post=50656"}],"curies":[{"name":"wp","href":"https:\/\/api.w.org\/{rel}","templated":true}]}}