{"id":50659,"date":"2024-10-22T04:17:51","date_gmt":"2024-10-22T04:17:51","guid":{"rendered":"https:\/\/tvbrazilusa.com\/2024\/10\/22\/apos-um-principio-de-incendio-no-stf-os-servidores-foram-evacuados\/"},"modified":"2024-10-22T04:17:52","modified_gmt":"2024-10-22T04:17:52","slug":"apos-um-principio-de-incendio-no-stf-os-servidores-foram-evacuados","status":"publish","type":"post","link":"https:\/\/tvbrazilusa.com\/pt\/2024\/10\/22\/apos-um-principio-de-incendio-no-stf-os-servidores-foram-evacuados\/","title":{"rendered":"Ap\u00f3s um princ\u00edpio de inc\u00eandio no STF, os servidores foram evacuados"},"content":{"rendered":"<p> <script async src=\"https:\/\/pagead2.googlesyndication.com\/pagead\/js\/adsbygoogle.js?client=ca-pub-8864793242727901\"\r\n     crossorigin=\"anonymous\"><\/script><br \/>\n<\/p>\n<div id=\"taboola-read-more\" style=\"display:block; width:100%\">\n<p>Servidores do Supremo Tribunal Federal (STF) foram evacuados de anexos da Corte, nesta segunda-feira, 21, depois de um princ\u00edpio de inc\u00eandio.\n<\/p>\n<p>De acordo com o tribunal, por volta das 19 horas, detectou-se \u201cum foco de fogo em uma das salas do segundo andar do anexo 2 A do STF, que espalhou fuma\u00e7a pelo andar e disparou o alarme de inc\u00eandio\u201d.<\/p>\n<p>\u201cTodos os funcion\u00e1rios dos edif\u00edcios anexos foram retirados pelas escadas para a seguran\u00e7a de todos\u201d, informou a Corte. \u201cA origem do foco ser\u00e1 investigado juntamente com o Corpo de Bombeiros. N\u00e3o h\u00e1 registro de feridos at\u00e9 o momento.\u201d\n<\/p>\n<p><strong>Leia a nota completa sobre o princ\u00edpio de inc\u00eandio no STF<\/strong><br \/>\u201cPor volta das 19h desta segunda-feira, 21, foi detectado um foco de fogo em uma das salas do segundo andar do Anexo 2 A do Supremo Tribunal Federal, que espalhou fuma\u00e7a pelo andar e disparou o alarme.\n<\/p>\n<p>O princ\u00edpio de inc\u00eandio foi controlado pelos brigadistas do STF, que acionaram o Corpo de Bombeiros.\n<\/p>\n<p>Todos os funcion\u00e1rios dos edif\u00edcios anexos foram retirados pelas escadas para a seguran\u00e7a de todos.\n<\/p>\n<p>A origem do foco ser\u00e1 investigado juntamente com o Corpo de Bombeiros.\n<\/p>\n<p>N\u00e3o h\u00e1 registro de feridos at\u00e9 o momento\u201d.\n<\/p>\n<p>Fonte: Revista Oeste <\/p>\n<\/div>\n<p><br \/>\n<br \/><a href=\"https:\/\/diariodobrasilnoticias.com.br\/noticia\/apos-um-principio-de-incendio-no-stf-os-servidores-foram-evacuados-6716e38724d37\">Source link <\/a><\/p>","protected":false},"excerpt":{"rendered":"<p>Servidores do Supremo Tribunal Federal (STF) foram evacuados de anexos da Corte, nesta segunda-feira, 21, depois de um princ\u00edpio de inc\u00eandio. De acordo com o tribunal, por volta das 19&hellip;<\/p>","protected":false},"author":1,"featured_media":50660,"comment_status":"closed","ping_status":"open","sticky":false,"template":"","format":"standard","meta":{"content-type":"","footnotes":""},"categories":[16],"tags":[123,2448,5313,1267],"class_list":["post-50659","post","type-post","status-publish","format-standard","has-post-thumbnail","hentry","category-noticias","tag-brasil","tag-diario","tag-noticia","tag-noticias"],"_links":{"self":[{"href":"https:\/\/tvbrazilusa.com\/pt\/wp-json\/wp\/v2\/posts\/50659","targetHints":{"allow":["GET"]}}],"collection":[{"href":"https:\/\/tvbrazilusa.com\/pt\/wp-json\/wp\/v2\/posts"}],"about":[{"href":"https:\/\/tvbrazilusa.com\/pt\/wp-json\/wp\/v2\/types\/post"}],"author":[{"embeddable":true,"href":"https:\/\/tvbrazilusa.com\/pt\/wp-json\/wp\/v2\/users\/1"}],"replies":[{"embeddable":true,"href":"https:\/\/tvbrazilusa.com\/pt\/wp-json\/wp\/v2\/comments?post=50659"}],"version-history":[{"count":1,"href":"https:\/\/tvbrazilusa.com\/pt\/wp-json\/wp\/v2\/posts\/50659\/revisions"}],"predecessor-version":[{"id":50661,"href":"https:\/\/tvbrazilusa.com\/pt\/wp-json\/wp\/v2\/posts\/50659\/revisions\/50661"}],"wp:featuredmedia":[{"embeddable":true,"href":"https:\/\/tvbrazilusa.com\/pt\/wp-json\/wp\/v2\/media\/50660"}],"wp:attachment":[{"href":"https:\/\/tvbrazilusa.com\/pt\/wp-json\/wp\/v2\/media?parent=50659"}],"wp:term":[{"taxonomy":"category","embeddable":true,"href":"https:\/\/tvbrazilusa.com\/pt\/wp-json\/wp\/v2\/categories?post=50659"},{"taxonomy":"post_tag","embeddable":true,"href":"https:\/\/tvbrazilusa.com\/pt\/wp-json\/wp\/v2\/tags?post=50659"}],"curies":[{"name":"wp","href":"https:\/\/api.w.org\/{rel}","templated":true}]}}