{"id":50662,"date":"2024-10-22T04:31:09","date_gmt":"2024-10-22T04:31:09","guid":{"rendered":"https:\/\/tvbrazilusa.com\/2024\/10\/22\/juiza-grita-e-discute-com-advogada-em-audiencia-perdendo-meu-tempo-veja-video\/"},"modified":"2024-10-22T04:31:10","modified_gmt":"2024-10-22T04:31:10","slug":"juiza-grita-e-discute-com-advogada-em-audiencia-perdendo-meu-tempo-veja-video","status":"publish","type":"post","link":"https:\/\/tvbrazilusa.com\/pt\/2024\/10\/22\/juiza-grita-e-discute-com-advogada-em-audiencia-perdendo-meu-tempo-veja-video\/","title":{"rendered":"Ju\u00edza grita e discute com advogada em audi\u00eancia: &#8216;perdendo meu tempo&#8217;; VEJA V\u00cdDEO"},"content":{"rendered":"<p> <script async src=\"https:\/\/pagead2.googlesyndication.com\/pagead\/js\/adsbygoogle.js?client=ca-pub-8864793242727901\"\r\n     crossorigin=\"anonymous\"><\/script><br \/>\n<\/p>\n<div id=\"taboola-read-more\" style=\"display:block; width:100%\">\n<p>Um debate acalorado entre a ju\u00edza Ana Maria Almeida Vieira, da\u00a06\u00aa vara da Fazenda P\u00fablica do TJ\/MA, e a advogada\u00a0Ruth Rodrigues\u00a0aconteceu nesta semana durante audi\u00eancia virtual em caso de viol\u00eancia obst\u00e9trica. A advogada quis a transcri\u00e7\u00e3o de laudo m\u00e9dico por estar ineleg\u00edvel, e a ju\u00edza demonstrou irrita\u00e7\u00e3o com o pedido, gerando discuss\u00e3o.\n<\/p>\n<p>&#8220;Poxa, eu estou perdendo meu tempo, podia estar fazendo tanta coisa&#8221;, disse a magistrada ao n\u00e3o perceber c\u00e2mera e \u00e1udio ligados.<\/p>\n<p>epis\u00f3dio aconteceu ap\u00f3s o pedido da advogada para transcrever um laudo que, segundo ela, estava ileg\u00edvel e com &#8220;partes imposs\u00edveis de serem compreendidas&#8221;.\n<\/p>\n<p>A magistrada, ent\u00e3o, disse que a advogada teria prazo de cinco dias para formular o pedido por escrito e ela daria vistas \u00e0s partes para ver se seria poss\u00edvel. A advogada, ent\u00e3o, disse que gostaria de fazer o pedido oralmente para n\u00e3o prolongar o processo, pedido negado pela ju\u00edza.\n<\/p>\n<p>Foi quando a discuss\u00e3o come\u00e7ou.\n<\/p>\n<p>&#8211; &#8220;Vou lhe dar cinco dias para formalizar seu requerimento porque eu j\u00e1 sei no que isso vai dar. As partes se manifestar\u00e3o e decidiremos depois&#8221;, disse a ju\u00edza.\n<\/p>\n<p>&#8211; &#8220;N\u00e3o \u00e9 uma quest\u00e3o de visualiza\u00e7\u00e3o, \u00e9 um direito do paciente a transcri\u00e7\u00e3o do prontu\u00e1rio. Eu estou abismada como a transcri\u00e7\u00e3o de um prontu\u00e1rio, uma coisa simples, que eu pe\u00e7o em todos os processos est\u00e1 causando esse bafaf\u00e1 todo nessa audi\u00eancia&#8221;, indignou-se a advogada.\n<\/p>\n<p>&#8211; &#8220;A senhora que t\u00e1 causando esse bafaf\u00e1 desde que come\u00e7ou a audi\u00eancia porque n\u00e3o est\u00e1 se comportando adequadamente. Conduzo esta audi\u00eancia de forma correta e lhe darei o prazo de cinco dias para formular seu pedido. Encerrada a audi\u00eancia&#8221;, finalizou a magistrada.\n<\/p>\n<p>Neste momento, a ju\u00edza, achando que a c\u00e2mera e o \u00e1udio j\u00e1 haviam sido desligados, disse: &#8220;poxa, eu estou perdendo meu tempo, podia estar fazendo tanta coisa&#8221;.\n<\/p>\n<p>&#8220;A gente que lute&#8221;\n<\/p>\n<p>Em post nas redes sociais ap\u00f3s o epis\u00f3dio, a advogada disse que &#8220;nunca fui t\u00e3o destratada em 18 anos de advocacia&#8221;.\n<\/p>\n<p>&#8220;Eu defendo o direito da minha cliente e n\u00e3o tenho juiz de estima\u00e7\u00e3o. N\u00e3o aceito nem aceitarei certas situa\u00e7\u00f5es.\u00a0Pela constitui\u00e7\u00e3o, n\u00e3o existe hierarquia entre juiz, advogado e procurador. Na pr\u00e1tica, a gente que lute.&#8221;\n<\/p>\n<p><strong>VEJA V\u00cdDEO:<\/strong>\n<\/p>\n<p>Fonte: @migalhas <\/p>\n<\/div>\n<p><br \/>\n<br \/><a href=\"https:\/\/diariodobrasilnoticias.com.br\/noticia\/juiza-grita-e-discute-com-advogada-em-audiencia-perdendo-meu-tempo-veja-video-6716d57704c18\">Source link <\/a><\/p>","protected":false},"excerpt":{"rendered":"<p>Um debate acalorado entre a ju\u00edza Ana Maria Almeida Vieira, da\u00a06\u00aa vara da Fazenda P\u00fablica do TJ\/MA, e a advogada\u00a0Ruth Rodrigues\u00a0aconteceu nesta semana durante audi\u00eancia virtual em caso de viol\u00eancia&hellip;<\/p>","protected":false},"author":1,"featured_media":50663,"comment_status":"closed","ping_status":"open","sticky":false,"template":"","format":"standard","meta":{"content-type":"","footnotes":""},"categories":[16],"tags":[123,2448,5313,1267],"class_list":["post-50662","post","type-post","status-publish","format-standard","has-post-thumbnail","hentry","category-noticias","tag-brasil","tag-diario","tag-noticia","tag-noticias"],"_links":{"self":[{"href":"https:\/\/tvbrazilusa.com\/pt\/wp-json\/wp\/v2\/posts\/50662","targetHints":{"allow":["GET"]}}],"collection":[{"href":"https:\/\/tvbrazilusa.com\/pt\/wp-json\/wp\/v2\/posts"}],"about":[{"href":"https:\/\/tvbrazilusa.com\/pt\/wp-json\/wp\/v2\/types\/post"}],"author":[{"embeddable":true,"href":"https:\/\/tvbrazilusa.com\/pt\/wp-json\/wp\/v2\/users\/1"}],"replies":[{"embeddable":true,"href":"https:\/\/tvbrazilusa.com\/pt\/wp-json\/wp\/v2\/comments?post=50662"}],"version-history":[{"count":1,"href":"https:\/\/tvbrazilusa.com\/pt\/wp-json\/wp\/v2\/posts\/50662\/revisions"}],"predecessor-version":[{"id":50664,"href":"https:\/\/tvbrazilusa.com\/pt\/wp-json\/wp\/v2\/posts\/50662\/revisions\/50664"}],"wp:featuredmedia":[{"embeddable":true,"href":"https:\/\/tvbrazilusa.com\/pt\/wp-json\/wp\/v2\/media\/50663"}],"wp:attachment":[{"href":"https:\/\/tvbrazilusa.com\/pt\/wp-json\/wp\/v2\/media?parent=50662"}],"wp:term":[{"taxonomy":"category","embeddable":true,"href":"https:\/\/tvbrazilusa.com\/pt\/wp-json\/wp\/v2\/categories?post=50662"},{"taxonomy":"post_tag","embeddable":true,"href":"https:\/\/tvbrazilusa.com\/pt\/wp-json\/wp\/v2\/tags?post=50662"}],"curies":[{"name":"wp","href":"https:\/\/api.w.org\/{rel}","templated":true}]}}