{"id":50709,"date":"2024-10-22T10:28:12","date_gmt":"2024-10-22T10:28:12","guid":{"rendered":"https:\/\/tvbrazilusa.com\/2024\/10\/22\/corpo-de-mae-suspeita-de-matar-o-filho-de-5-anos-degolado-e-exumado-e-queimado\/"},"modified":"2024-10-22T10:28:13","modified_gmt":"2024-10-22T10:28:13","slug":"corpo-de-mae-suspeita-de-matar-o-filho-de-5-anos-degolado-e-exumado-e-queimado","status":"publish","type":"post","link":"https:\/\/tvbrazilusa.com\/pt\/2024\/10\/22\/corpo-de-mae-suspeita-de-matar-o-filho-de-5-anos-degolado-e-exumado-e-queimado\/","title":{"rendered":"Corpo de m\u00e3e, suspeita de matar o filho de 5 anos degolado, \u00e9 exumado e queimado"},"content":{"rendered":"<p> <script async src=\"https:\/\/pagead2.googlesyndication.com\/pagead\/js\/adsbygoogle.js?client=ca-pub-8864793242727901\"\r\n     crossorigin=\"anonymous\"><\/script><br \/>\n<\/p>\n<div id=\"taboola-read-more\" style=\"display:block; width:100%\">\n<p>O corpo de Maria Ros\u00e1lia, m\u00e3e suspeita de matar e degolar o filho de 5 anos, foi desenterrado do cemit\u00e9rio de Itamb\u00e9, na regi\u00e3o Mata Norte de Pernambuco, e queimado. O caso aconteceu no s\u00e1bado (19). A jovem de 26 anos, havia morrido na \u00faltima quinta (17) v\u00edtima de uma infec\u00e7\u00e3o generalizada, enquanto se recuperava ap\u00f3s ser atingida por tiros durante a abordagem policial.\n<\/p>\n<p class=\"dark:base-text-neutral-high-400 base-text-[calc(theme(fontSize.xs)_*_var(--font-size,_1))] base-font-normal base-font-primary base-text-neutral-low-500 base-text-left\">Fonte: r7<\/p>\n<\/p><\/div>\n<p><br \/>\n<br \/><a href=\"https:\/\/diariodobrasilnoticias.com.br\/noticia\/corpo-de-mae-suspeita-de-matar-o-filho-de-5-anos-degolado-e-exumado-e-queimado-67177b151cc5c\">Source link <\/a><\/p>","protected":false},"excerpt":{"rendered":"<p>O corpo de Maria Ros\u00e1lia, m\u00e3e suspeita de matar e degolar o filho de 5 anos, foi desenterrado do cemit\u00e9rio de Itamb\u00e9, na regi\u00e3o Mata Norte de Pernambuco, e queimado.&hellip;<\/p>","protected":false},"author":1,"featured_media":50710,"comment_status":"closed","ping_status":"open","sticky":false,"template":"","format":"standard","meta":{"content-type":"","footnotes":""},"categories":[16],"tags":[123,2448,5313,1267],"class_list":["post-50709","post","type-post","status-publish","format-standard","has-post-thumbnail","hentry","category-noticias","tag-brasil","tag-diario","tag-noticia","tag-noticias"],"_links":{"self":[{"href":"https:\/\/tvbrazilusa.com\/pt\/wp-json\/wp\/v2\/posts\/50709","targetHints":{"allow":["GET"]}}],"collection":[{"href":"https:\/\/tvbrazilusa.com\/pt\/wp-json\/wp\/v2\/posts"}],"about":[{"href":"https:\/\/tvbrazilusa.com\/pt\/wp-json\/wp\/v2\/types\/post"}],"author":[{"embeddable":true,"href":"https:\/\/tvbrazilusa.com\/pt\/wp-json\/wp\/v2\/users\/1"}],"replies":[{"embeddable":true,"href":"https:\/\/tvbrazilusa.com\/pt\/wp-json\/wp\/v2\/comments?post=50709"}],"version-history":[{"count":1,"href":"https:\/\/tvbrazilusa.com\/pt\/wp-json\/wp\/v2\/posts\/50709\/revisions"}],"predecessor-version":[{"id":50711,"href":"https:\/\/tvbrazilusa.com\/pt\/wp-json\/wp\/v2\/posts\/50709\/revisions\/50711"}],"wp:featuredmedia":[{"embeddable":true,"href":"https:\/\/tvbrazilusa.com\/pt\/wp-json\/wp\/v2\/media\/50710"}],"wp:attachment":[{"href":"https:\/\/tvbrazilusa.com\/pt\/wp-json\/wp\/v2\/media?parent=50709"}],"wp:term":[{"taxonomy":"category","embeddable":true,"href":"https:\/\/tvbrazilusa.com\/pt\/wp-json\/wp\/v2\/categories?post=50709"},{"taxonomy":"post_tag","embeddable":true,"href":"https:\/\/tvbrazilusa.com\/pt\/wp-json\/wp\/v2\/tags?post=50709"}],"curies":[{"name":"wp","href":"https:\/\/api.w.org\/{rel}","templated":true}]}}