{"id":50748,"date":"2024-10-22T13:12:37","date_gmt":"2024-10-22T13:12:37","guid":{"rendered":"https:\/\/tvbrazilusa.com\/2024\/10\/22\/lagoas-se-formam-no-deserto-do-saara-apos-intensas-chuvas\/"},"modified":"2024-10-22T13:12:38","modified_gmt":"2024-10-22T13:12:38","slug":"lagoas-se-formam-no-deserto-do-saara-apos-intensas-chuvas","status":"publish","type":"post","link":"https:\/\/tvbrazilusa.com\/pt\/2024\/10\/22\/lagoas-se-formam-no-deserto-do-saara-apos-intensas-chuvas\/","title":{"rendered":"Lagoas se formam no Deserto do Saara ap\u00f3s intensas chuvas"},"content":{"rendered":"<p> <script async src=\"https:\/\/pagead2.googlesyndication.com\/pagead\/js\/adsbygoogle.js?client=ca-pub-8864793242727901\"\r\n     crossorigin=\"anonymous\"><\/script><br \/>\n<\/p>\n<p>O deserto do Saara, localizado na regi\u00e3o sudeste do Marrocos, foi surpreendido por chuvas t\u00e3o intensas que provocou a forma\u00e7\u00e3o de lagoas.\n<\/p>\n<p>A raz\u00e3o \u00e9 que o volume de chuva excedeu em apenas dois dias as m\u00e9dias anuais de precipita\u00e7\u00e3o em \u00e1reas que normalmente recebem menos de 250 mil\u00edmetros de chuva por ano.<\/p>\n<div id=\"content_post\">\n<p>O deserto do Saara, localizado na regi\u00e3o sudeste do Marrocos, foi surpreendido por chuvas t\u00e3o intensas que provocou a forma\u00e7\u00e3o de lagoas.\n<\/p>\n<p>A raz\u00e3o \u00e9 que o volume de chuva excedeu em apenas dois dias as m\u00e9dias anuais de precipita\u00e7\u00e3o em \u00e1reas que normalmente recebem menos de 250 mil\u00edmetros de chuva por ano.\n<\/p>\n<p>Locais como Tata, no sul do pa\u00eds, estavam entre os mais afetados por esse epis\u00f3dio clim\u00e1tico incomum.\n<\/p>\n<p>Na vila de Tagounite, a cerca de 450 quil\u00f4metros ao sul de Rabat, ocorreram registros impressionantes de mais de 100 mil\u00edmetros de chuva em apenas um dia.\n<\/p>\n<p>Essa quantidade de precipita\u00e7\u00e3o criou imagens marcantes ao formar lagoas em meio \u00e0s dunas do Saara, transformando temporariamente a paisagem des\u00e9rtica.\n<\/p>\n<p><strong>Impacto das chuvas na paisagem do deserto do Saara<\/strong><br \/>A intensa precipita\u00e7\u00e3o resultou na forma\u00e7\u00e3o de grandes lagoas, algo raramente visto entre as areias do deserto de Merzouga.\n<\/p>\n<p>O fen\u00f4meno tamb\u00e9m encheu o Lago Iriqui, uma \u00e1rea que havia estado seca por cerca de 50 anos. As imagens obtidas por sat\u00e9lites da NASA evidenciaram a quantidade de \u00e1gua acumulada na regi\u00e3o em poucos dias.\n<\/p>\n<p>Esta transforma\u00e7\u00e3o tempor\u00e1ria impactou n\u00e3o apenas o ambiente, mas tamb\u00e9m as popula\u00e7\u00f5es locais. Moradores e turistas presenciaram ve\u00edculos 4\u00d74 cruzando as po\u00e7as formadas, algo inusitado em um cen\u00e1rio t\u00e3o seco.\n<\/p>\n<p>A express\u00e3o de espanto era comum entre os observadores que n\u00e3o viam tal quantidade de chuva em d\u00e9cadas.\n<\/p>\n<p><strong>Quais s\u00e3o as implica\u00e7\u00f5es meteorol\u00f3gicas das chuvas no deserto?<\/strong><br \/>Conforme explicou Houssine Youabeb, da Dire\u00e7\u00e3o Geral de Meteorologia do Marrocos, essas chuvas s\u00e3o classificadas como tempestades extratropicais.\n<\/p>\n<p>Elas t\u00eam o potencial de modificar o clima local nas semanas e meses subsequentes, ao aumentar a umidade do ar e promover maiores taxas de evapora\u00e7\u00e3o.\n<\/p>\n<p>Isso pode atrair novas tempestades, tornando o ambiente mais propenso a chuvas frequentes.\n<\/p>\n<p>A regi\u00e3o j\u00e1 enfrenta desafios clim\u00e1ticos h\u00e1 mais de seis anos consecutivos de seca severa. Essa abund\u00e2ncia recente de \u00e1guas poder\u00e1 ajudar a recarregar aqu\u00edferos subterr\u00e2neos, essenciais para o suprimento de \u00e1gua das comunidades locais.\n<\/p>\n<p>No entanto, ainda n\u00e3o est\u00e1 claro at\u00e9 que ponto essa precipita\u00e7\u00e3o inesperada ajudar\u00e1 a mitigar os efeitos prolongados da seca.\n<\/p>\n<p><strong>Resultados e desafios futuros ap\u00f3s as chuvas intensas<\/strong><br \/>Os reservat\u00f3rios da regi\u00e3o do deserto do Saara experimentaram um aumento significativo em seus n\u00edveis de \u00e1gua desde o m\u00eas de setembro.\n<\/p>\n<p>Isso \u00e9 uma boa not\u00edcia, mas n\u00e3o garante que os benef\u00edcios ser\u00e3o duradouros. O impacto real dessas chuvas intensas no longo prazo ainda depende de uma s\u00e9rie de fatores meteorol\u00f3gicos e ambientais a serem estudados.\n<\/p>\n<p>Os desafios para os agricultores e residentes marroquinos persistem, uma vez que o racionamento de \u00e1gua ainda pode ser necess\u00e1rio em muitos vilarejos.\n<\/p>\n<p>A gest\u00e3o h\u00eddrica eficaz ser\u00e1 crucial para lidar com as flutua\u00e7\u00f5es clim\u00e1ticas e garantir a seguran\u00e7a h\u00eddrica no futuro.\n<\/p>\n<p>Fonte: O antagonista\n<\/p>\n<\/div>\n<p><br \/>\n<br \/><a href=\"https:\/\/diariodobrasilnoticias.com.br\/noticia\/lagoas-se-formam-no-deserto-do-saara-apos-intensas-chuvas-6717a40796a84\">Source link <\/a><\/p>","protected":false},"excerpt":{"rendered":"<p>O deserto do Saara, localizado na regi\u00e3o sudeste do Marrocos, foi surpreendido por chuvas t\u00e3o intensas que provocou a forma\u00e7\u00e3o de lagoas. A raz\u00e3o \u00e9 que o volume de chuva&hellip;<\/p>","protected":false},"author":1,"featured_media":50749,"comment_status":"closed","ping_status":"open","sticky":false,"template":"","format":"standard","meta":{"content-type":"","footnotes":""},"categories":[16],"tags":[123,2448,5313,1267],"class_list":["post-50748","post","type-post","status-publish","format-standard","has-post-thumbnail","hentry","category-noticias","tag-brasil","tag-diario","tag-noticia","tag-noticias"],"_links":{"self":[{"href":"https:\/\/tvbrazilusa.com\/pt\/wp-json\/wp\/v2\/posts\/50748","targetHints":{"allow":["GET"]}}],"collection":[{"href":"https:\/\/tvbrazilusa.com\/pt\/wp-json\/wp\/v2\/posts"}],"about":[{"href":"https:\/\/tvbrazilusa.com\/pt\/wp-json\/wp\/v2\/types\/post"}],"author":[{"embeddable":true,"href":"https:\/\/tvbrazilusa.com\/pt\/wp-json\/wp\/v2\/users\/1"}],"replies":[{"embeddable":true,"href":"https:\/\/tvbrazilusa.com\/pt\/wp-json\/wp\/v2\/comments?post=50748"}],"version-history":[{"count":1,"href":"https:\/\/tvbrazilusa.com\/pt\/wp-json\/wp\/v2\/posts\/50748\/revisions"}],"predecessor-version":[{"id":50750,"href":"https:\/\/tvbrazilusa.com\/pt\/wp-json\/wp\/v2\/posts\/50748\/revisions\/50750"}],"wp:featuredmedia":[{"embeddable":true,"href":"https:\/\/tvbrazilusa.com\/pt\/wp-json\/wp\/v2\/media\/50749"}],"wp:attachment":[{"href":"https:\/\/tvbrazilusa.com\/pt\/wp-json\/wp\/v2\/media?parent=50748"}],"wp:term":[{"taxonomy":"category","embeddable":true,"href":"https:\/\/tvbrazilusa.com\/pt\/wp-json\/wp\/v2\/categories?post=50748"},{"taxonomy":"post_tag","embeddable":true,"href":"https:\/\/tvbrazilusa.com\/pt\/wp-json\/wp\/v2\/tags?post=50748"}],"curies":[{"name":"wp","href":"https:\/\/api.w.org\/{rel}","templated":true}]}}