{"id":50751,"date":"2024-10-22T13:26:26","date_gmt":"2024-10-22T13:26:26","guid":{"rendered":"https:\/\/tvbrazilusa.com\/2024\/10\/22\/israel-denuncia-bases-do-hezbollah-e-do-ira-em-venezuela-bolivia-e-nicaragua\/"},"modified":"2024-10-22T13:26:27","modified_gmt":"2024-10-22T13:26:27","slug":"israel-denuncia-bases-do-hezbollah-e-do-ira-em-venezuela-bolivia-e-nicaragua","status":"publish","type":"post","link":"https:\/\/tvbrazilusa.com\/pt\/2024\/10\/22\/israel-denuncia-bases-do-hezbollah-e-do-ira-em-venezuela-bolivia-e-nicaragua\/","title":{"rendered":"Israel denuncia bases do Hezbollah e do Ir\u00e3 em Venezuela, Bol\u00edvia e Nicar\u00e1gua"},"content":{"rendered":"<p> <script async src=\"https:\/\/pagead2.googlesyndication.com\/pagead\/js\/adsbygoogle.js?client=ca-pub-8864793242727901\"\r\n     crossorigin=\"anonymous\"><\/script><br \/>\n<\/p>\n<div>\n<figure class=\"post-image\">\n<\/figure>\n<p><span style=\"font-size: 12px\">Foto: Wikimedia Commons\/Khamenei.ir<\/span><\/p>\n<div id=\"taboola-read-more\" style=\"display:block; width:100%\">\n<p>O grupo xiita liban\u00eas Hezbollah e grupos radicais iranianos possuem \u201cbases\u201d na Bol\u00edvia, Nicar\u00e1gua e Venezuela, afirmou nesta segunda-feira a embaixadora de Israel na Costa Rica, Mijal Gur Aryeh, que tamb\u00e9m atua em Man\u00e1gua.\n<\/p>\n<p>\u00a0<\/p>\n<p>\u201cPosso dizer que h\u00e1 outros pa\u00edses na regi\u00e3o que possuem bases do Ir\u00e3 e do Hezbollah, em especial Venezuela e Bol\u00edvia\u201d, declarou a diplomata israelense em uma coletiva de imprensa virtual direto de San Jos\u00e9, destinada a jornalistas nicaraguenses que atuam no ex\u00edlio.<\/p>\n<p>A embaixadora detalhou que os servi\u00e7os de intelig\u00eancia israelenses t\u00eam auxiliado \u201cmuitos pa\u00edses da Am\u00e9rica Latina a interceptar grupos terroristas\u201d. Ela exemplificou, mencionando que, no \u00faltimo ano, ajudaram a interceptar alguns desses grupos no Brasil, Argentina, Peru, Col\u00f4mbia e M\u00e9xico.\n<\/p>\n<p>\u201cMonitoramos a situa\u00e7\u00e3o e, quando vemos a oportunidade de parar esses terroristas, cooperamos com os governos no continente\u201d, explicou\n<\/p>\n<p>Fonte: Gazeta Brasil <\/p>\n<\/div>\n<div class=\"row mt-3\">\n<div class=\"col-sm-6\">\n<p><a href=\"https:\/\/chat.whatsapp.com\/J6hwSKYns5B0XFowx2wZ0P\" target=\"_blank\" rel=\"noopener\"><br \/>\n<img decoding=\"async\" src=\"https:\/\/diariodobrasilnoticias.com.br\/assets-site\/images\/bot_whatsapp.png\"\/><\/a>\n<\/div>\n<div class=\"col-sm-6\">\n<a href=\"https:\/\/t.me\/+_4gTmi5LKo03OTM5\" target=\"_blank\" rel=\"noopener\"><br \/>\n<img decoding=\"async\" src=\"https:\/\/diariodobrasilnoticias.com.br\/assets-site\/images\/bot_telegram.png\"\/><\/a>\n<\/div>\n<\/div>\n<\/div>\n<p><br \/>\n<br \/><a href=\"https:\/\/diariodobrasilnoticias.com.br\/noticia\/israel-denuncia-bases-do-hezbollah-e-do-ira-em-venezuela-bolivia-e-nicaragua-67179b7a34058\">Source link <\/a><\/p>","protected":false},"excerpt":{"rendered":"<p>Foto: Wikimedia Commons\/Khamenei.ir O grupo xiita liban\u00eas Hezbollah e grupos radicais iranianos possuem \u201cbases\u201d na Bol\u00edvia, Nicar\u00e1gua e Venezuela, afirmou nesta segunda-feira a embaixadora de Israel na Costa Rica, Mijal&hellip;<\/p>","protected":false},"author":1,"featured_media":50752,"comment_status":"closed","ping_status":"open","sticky":false,"template":"","format":"standard","meta":{"content-type":"","footnotes":""},"categories":[16],"tags":[123,2448,5313,1267],"class_list":["post-50751","post","type-post","status-publish","format-standard","has-post-thumbnail","hentry","category-noticias","tag-brasil","tag-diario","tag-noticia","tag-noticias"],"_links":{"self":[{"href":"https:\/\/tvbrazilusa.com\/pt\/wp-json\/wp\/v2\/posts\/50751","targetHints":{"allow":["GET"]}}],"collection":[{"href":"https:\/\/tvbrazilusa.com\/pt\/wp-json\/wp\/v2\/posts"}],"about":[{"href":"https:\/\/tvbrazilusa.com\/pt\/wp-json\/wp\/v2\/types\/post"}],"author":[{"embeddable":true,"href":"https:\/\/tvbrazilusa.com\/pt\/wp-json\/wp\/v2\/users\/1"}],"replies":[{"embeddable":true,"href":"https:\/\/tvbrazilusa.com\/pt\/wp-json\/wp\/v2\/comments?post=50751"}],"version-history":[{"count":1,"href":"https:\/\/tvbrazilusa.com\/pt\/wp-json\/wp\/v2\/posts\/50751\/revisions"}],"predecessor-version":[{"id":50753,"href":"https:\/\/tvbrazilusa.com\/pt\/wp-json\/wp\/v2\/posts\/50751\/revisions\/50753"}],"wp:featuredmedia":[{"embeddable":true,"href":"https:\/\/tvbrazilusa.com\/pt\/wp-json\/wp\/v2\/media\/50752"}],"wp:attachment":[{"href":"https:\/\/tvbrazilusa.com\/pt\/wp-json\/wp\/v2\/media?parent=50751"}],"wp:term":[{"taxonomy":"category","embeddable":true,"href":"https:\/\/tvbrazilusa.com\/pt\/wp-json\/wp\/v2\/categories?post=50751"},{"taxonomy":"post_tag","embeddable":true,"href":"https:\/\/tvbrazilusa.com\/pt\/wp-json\/wp\/v2\/tags?post=50751"}],"curies":[{"name":"wp","href":"https:\/\/api.w.org\/{rel}","templated":true}]}}