{"id":50760,"date":"2024-10-22T13:55:27","date_gmt":"2024-10-22T13:55:27","guid":{"rendered":"https:\/\/tvbrazilusa.com\/2024\/10\/22\/pesquisa-diz-que-nunes-recua-mas-segue-a-frente-de-boulos-em-sp\/"},"modified":"2024-10-22T13:55:28","modified_gmt":"2024-10-22T13:55:28","slug":"pesquisa-diz-que-nunes-recua-mas-segue-a-frente-de-boulos-em-sp","status":"publish","type":"post","link":"https:\/\/tvbrazilusa.com\/pt\/2024\/10\/22\/pesquisa-diz-que-nunes-recua-mas-segue-a-frente-de-boulos-em-sp\/","title":{"rendered":"Pesquisa diz que Nunes recua, mas segue \u00e0 frente de Boulos em SP"},"content":{"rendered":"<p> <script async src=\"https:\/\/pagead2.googlesyndication.com\/pagead\/js\/adsbygoogle.js?client=ca-pub-8864793242727901\"\r\n     crossorigin=\"anonymous\"><\/script><br \/>\n<\/p>\n<div id=\"taboola-read-more\" style=\"display:block; width:100%\">\n<p>Pesquisa do Instituto Paran\u00e1, divulgada nesta ter\u00e7a-feira, 22, aponta que o prefeito de S\u00e3o Paulo, Ricardo Nunes (MDB), recuou 0,6 ponto percentual em rela\u00e7\u00e3o ao levantamento anterior, publicado em 15 de outubro, mas segue bem \u00e0 frente do deputado Guilherme Boulos (PSOL) no segundo turno da disputa pela Prefeitura de S\u00e3o Paulo.\n<\/p>\n<p>Apesar da oscila\u00e7\u00e3o negativa, Nunes tem 51,7% das inten\u00e7\u00f5es de voto, enquanto Boulos tem 39,6%. Na pesquisa da semana passada, o emedebista tinha 52,3% e o psolista, 39,2%.<\/p>\n<p>Pesquisa do Instituto Paran\u00e1, divulgada nesta ter\u00e7a-feira, 22, aponta que o prefeito de S\u00e3o Paulo, Ricardo Nunes (MDB), recuou 0,6 ponto percentual em rela\u00e7\u00e3o ao levantamento anterior, publicado em 15 de outubro, mas segue bem \u00e0 frente do deputado Guilherme Boulos (PSOL) no segundo turno da disputa pela Prefeitura de S\u00e3o Paulo.\n<\/p>\n<p>Apesar da oscila\u00e7\u00e3o negativa, Nunes tem 51,7% das inten\u00e7\u00f5es de voto, enquanto Boulos tem 39,6%. Na pesquisa da semana passada, o emedebista tinha 52,3% e o psolista, 39,2%.\n<\/p>\n<p>Brancos, nulos e indecisos somam 8,7%.\n<\/p>\n<p>Considerando apenas os votos v\u00e1lidos, Nunes tem 56,6% das inten\u00e7\u00f5es de voto, contra 43,4% de Boulos.\n<\/p>\n<p>Com margem de erro de 2,6 pontos percentuais, a pesquisa ouviu 1.500 eleitores entre 18 e 21 de outubro e foi registrada no Tribunal Superior Eleitoral (TSE) sob o n\u00famero SP-05509\/2024.\n<\/p>\n<p><strong>Nunes chega \u00e0 frente de Boulos na \u00faltima semana do 2\u00b0 turno<\/strong><br \/>O Instituto Paran\u00e1 n\u00e3o foi o \u00fanico a mostrar Ricardo Nunes na lideran\u00e7a da disputa pela Prefeitura de S\u00e3o Paulo.\n<\/p>\n<p>Na pesquisa Quaest, divulgada na quarta, 16, Nunes lidera com 45% das inten\u00e7\u00f5es de voto, contra 33% de Boulos.\n<\/p>\n<p>A pesquisa Datafolha, por sua vez, mostrou uma queda nas inten\u00e7\u00f5es de voto no emedebista, que recuou de 55% para 51%. Os votos de Nunes, no entanto, n\u00e3o foram para Boulos, que se manteve com 33% das inten\u00e7\u00f5es de voto entre 10 e 17 de outubro.\n<\/p>\n<p>O levantamento indica que os quatro pontos percentuais perdidos por Nunes, na verdade, contribu\u00edram no crescimento de votos nulos, branco e indecisos que foram de 10% para 16%.\n<\/p>\n<p><strong>Boulos dorme na casa de eleitores<\/strong><br \/>Atr\u00e1s nas pesquisas eleitorais, o deputado federal Guilherme Boulos (PSOL-SP) afirmou na segunda-feira, 21, que ir\u00e1 dormir na casa de eleitores at\u00e9 sexta-feira, 25, para \u201cvirar votos 24 horas por dia\u201d.\n<\/p>\n<p>O ato final de campanha faz parte da \u201ccaravana da virada\u201d, na qual o candidato do PSOL promete percorrer as cinco regi\u00f5es da capital paulista em busca de votos.\n<\/p>\n<p>\u201cVou rodar essa cidade, em cada regi\u00e3o, conversando com as pessoas de cada \u00e1rea, que trabalham com o que for. Pessoas que, inclusive, v\u00e1rias delas j\u00e1 toparam em receber nas suas casas. Vou dormir na casa dessas pessoas\u201d, disse Boulos, ap\u00f3s ler a \u201cCarta ao Povo de S\u00e3o Paulo\u201d, em alus\u00e3o \u00e0 \u201cCarta ao povo brasileiro\u201d de Lula, em 2002, em frente \u00e0 prefeitura.\n<\/p>\n<p><strong>Nunes tem agenda com Bolsonaro<\/strong><br \/>Enquanto isso, Ricardo Nunes participar\u00e1 nesta ter\u00e7a, 22, de um almo\u00e7o com o ex-presidente Jair Bolsonaro (PL) e o governador de S\u00e3o Paulo, Tarc\u00edsio de Freitas (Republicanos), em um bairro nobre da capital paulista.\n<\/p>\n<p>O evento marca a entrada de Bolsonaro na campanha do emedebista, j\u00e1 que durante todo o primeiro turno ele ficou distante.\n<\/p>\n<p>Fonte: O antagonista <\/p>\n<\/div>\n<p><br \/>\n<br \/><a href=\"https:\/\/diariodobrasilnoticias.com.br\/noticia\/pesquisa-diz-que-nunes-recua-mas-segue-a-frente-de-boulos-em-sp-67179c8f41b87\">Source link <\/a><\/p>","protected":false},"excerpt":{"rendered":"<p>Pesquisa do Instituto Paran\u00e1, divulgada nesta ter\u00e7a-feira, 22, aponta que o prefeito de S\u00e3o Paulo, Ricardo Nunes (MDB), recuou 0,6 ponto percentual em rela\u00e7\u00e3o ao levantamento anterior, publicado em 15&hellip;<\/p>","protected":false},"author":1,"featured_media":50761,"comment_status":"closed","ping_status":"open","sticky":false,"template":"","format":"standard","meta":{"content-type":"","footnotes":""},"categories":[16],"tags":[123,2448,5313,1267],"class_list":["post-50760","post","type-post","status-publish","format-standard","has-post-thumbnail","hentry","category-noticias","tag-brasil","tag-diario","tag-noticia","tag-noticias"],"_links":{"self":[{"href":"https:\/\/tvbrazilusa.com\/pt\/wp-json\/wp\/v2\/posts\/50760","targetHints":{"allow":["GET"]}}],"collection":[{"href":"https:\/\/tvbrazilusa.com\/pt\/wp-json\/wp\/v2\/posts"}],"about":[{"href":"https:\/\/tvbrazilusa.com\/pt\/wp-json\/wp\/v2\/types\/post"}],"author":[{"embeddable":true,"href":"https:\/\/tvbrazilusa.com\/pt\/wp-json\/wp\/v2\/users\/1"}],"replies":[{"embeddable":true,"href":"https:\/\/tvbrazilusa.com\/pt\/wp-json\/wp\/v2\/comments?post=50760"}],"version-history":[{"count":1,"href":"https:\/\/tvbrazilusa.com\/pt\/wp-json\/wp\/v2\/posts\/50760\/revisions"}],"predecessor-version":[{"id":50762,"href":"https:\/\/tvbrazilusa.com\/pt\/wp-json\/wp\/v2\/posts\/50760\/revisions\/50762"}],"wp:featuredmedia":[{"embeddable":true,"href":"https:\/\/tvbrazilusa.com\/pt\/wp-json\/wp\/v2\/media\/50761"}],"wp:attachment":[{"href":"https:\/\/tvbrazilusa.com\/pt\/wp-json\/wp\/v2\/media?parent=50760"}],"wp:term":[{"taxonomy":"category","embeddable":true,"href":"https:\/\/tvbrazilusa.com\/pt\/wp-json\/wp\/v2\/categories?post=50760"},{"taxonomy":"post_tag","embeddable":true,"href":"https:\/\/tvbrazilusa.com\/pt\/wp-json\/wp\/v2\/tags?post=50760"}],"curies":[{"name":"wp","href":"https:\/\/api.w.org\/{rel}","templated":true}]}}