{"id":50766,"date":"2024-10-22T14:14:24","date_gmt":"2024-10-22T14:14:24","guid":{"rendered":"https:\/\/tvbrazilusa.com\/2024\/10\/22\/adolescente-joga-filhotes-de-cachorro-em-fornalha-e-filma-veja-video\/"},"modified":"2024-10-22T14:14:25","modified_gmt":"2024-10-22T14:14:25","slug":"adolescente-joga-filhotes-de-cachorro-em-fornalha-e-filma-veja-video","status":"publish","type":"post","link":"https:\/\/tvbrazilusa.com\/pt\/2024\/10\/22\/adolescente-joga-filhotes-de-cachorro-em-fornalha-e-filma-veja-video\/","title":{"rendered":"Adolescente joga filhotes de cachorro em fornalha e filma; VEJA V\u00cdDEO"},"content":{"rendered":"<p> <script async src=\"https:\/\/pagead2.googlesyndication.com\/pagead\/js\/adsbygoogle.js?client=ca-pub-8864793242727901\"\r\n     crossorigin=\"anonymous\"><\/script><br \/>\n<\/p>\n<div id=\"taboola-read-more\" style=\"display:block; width:100%\">\n<p>Recentemente, um incidente chocante em Santa Catarina chamou a aten\u00e7\u00e3o para a quest\u00e3o dos maus-tratos a animais no Brasil. Um adolescente de 14 anos jogou cinco filhotes de cachorro em uma fornalha e registrou o ato em v\u00eddeo. Esse material, compartilhado em redes sociais, levou a pol\u00edcia militar de Vidal Ramos ao local do crime, onde confirmaram a veracidade das imagens e registraram a ocorr\u00eancia.\n<\/p>\n<p>ASSISTA:<\/p>\n<p>A aus\u00eancia de flagrante no momento da abordagem policial impediu que fossem tomadas medidas legais imediatas. No entanto, um boletim de ocorr\u00eancia foi registrado e o caso encaminhado \u00e0 Pol\u00edcia Civil para investiga\u00e7\u00e3o. A motiva\u00e7\u00e3o do adolescente ainda \u00e9 desconhecida, e as autoridades buscam entender se ele agiu sozinho ou sob alguma influ\u00eancia externa.\n<\/p>\n<p><strong>Casos similares de crueldade: um agravante social?<\/strong><br \/>Esse n\u00e3o \u00e9 o \u00fanico caso de crueldade animal envolvendo menores que chocou o pa\u00eds recentemente. Um outro incidente ocorreu em Nova F\u00e1tima, no Paran\u00e1, onde uma crian\u00e7a de 9 anos invadiu um hospital veterin\u00e1rio e matou 23 animais. A brutalidade dos atos e a idade dos envolvidos levantam quest\u00f5es importantes sobre as influ\u00eancias sociais e familiares que podem levar jovens a cometerem tais atos.\n<\/p>\n<p>No caso do Paran\u00e1, a crian\u00e7a matou 20 coelhos e tr\u00eas porquinhos-da-\u00edndia em um espa\u00e7o dedicado a animais chamado \u201cfazendinha\u201d. O local, que havia sido inaugurado recentemente, foi palco de um massacre que gerou discuss\u00f5es sobre a necessidade de educa\u00e7\u00e3o e medidas preventivas para evitar que crian\u00e7as desenvolvam comportamentos violentos.\n<\/p>\n<p><strong>Como lidam as autoridades com a crueldade animal cometida por menores?<\/strong><br \/>Uma das quest\u00f5es complexas que tanto o caso de Santa Catarina quanto o do Paran\u00e1 destacam \u00e9 a limita\u00e7\u00e3o legal na responsabiliza\u00e7\u00e3o de menores de idade. De acordo com o Estatuto da Crian\u00e7a e do Adolescente (ECA), menores de 18 anos s\u00e3o inimput\u00e1veis, ou seja, n\u00e3o podem ser responsabilizados criminalmente. Isso coloca desafios adicionais para as autoridades, que precisam buscar solu\u00e7\u00f5es educativas e reabilitadoras.\n<\/p>\n<p>Apesar da severidade dos crimes, o foco das penalidades se concentra na educa\u00e7\u00e3o e na orienta\u00e7\u00e3o dos jovens envolvidos. Psic\u00f3logos, assistentes sociais e demais profissionais s\u00e3o essenciais nesse processo, visando \u00e0 recupera\u00e7\u00e3o e \u00e0 preven\u00e7\u00e3o de incidentes futuros. Essa abordagem integra medidas educativas como parte da pol\u00edtica de prote\u00e7\u00e3o aos direitos da crian\u00e7a e do adolescente.\n<\/p>\n<p><strong>A influ\u00eancia das m\u00eddias sociais nesses casos \u00e9 um fator agravante?<\/strong><br \/>Os casos recentes tamb\u00e9m levantam uma discuss\u00e3o sobre o papel das m\u00eddias sociais na dissemina\u00e7\u00e3o de conte\u00fados violentos. O v\u00eddeo do adolescente em Santa Catarina foi amplamente compartilhado em plataformas como o WhatsApp, aumentando a visibilidade do ato e, inadvertidamente, contribuindo para a normaliza\u00e7\u00e3o de comportamentos agressivos em ambientes digitais.\n<\/p>\n<p>Especialistas destacam a necessidade de uma supervis\u00e3o mais r\u00edgida sobre o conte\u00fado consumido por jovens na internet, bem como a import\u00e2ncia de ensin\u00e1-los sobre empatia e respeito aos seres vivos. A educa\u00e7\u00e3o digital tamb\u00e9m se faz necess\u00e1ria para preparar as novas gera\u00e7\u00f5es a lidar com a vasta quantidade de informa\u00e7\u00f5es a que s\u00e3o expostas diariamente.\n<\/p>\n<p>Os casos de crueldade animal por menores continuam a revelar vulnerabilidades significativas no sistema de prote\u00e7\u00e3o \u00e0 fauna e \u00e0s crian\u00e7as no Brasil. Enfrentar essas quest\u00f5es requer uma abordagem multidisciplinar, que envolva comunidade, educadores e autoridades na constru\u00e7\u00e3o de um ambiente mais seguro e compassivo para todos os seres vivos.\n<\/p>\n<p>Fonte: O antagonista <\/p>\n<\/div>\n<p><br \/>\n<br \/><a href=\"https:\/\/diariodobrasilnoticias.com.br\/noticia\/adolescente-joga-filhotes-de-cachorro-em-fornalha-e-filma-veja-video-67179e1b81193\">Source link <\/a><\/p>","protected":false},"excerpt":{"rendered":"<p>Recentemente, um incidente chocante em Santa Catarina chamou a aten\u00e7\u00e3o para a quest\u00e3o dos maus-tratos a animais no Brasil. Um adolescente de 14 anos jogou cinco filhotes de cachorro em&hellip;<\/p>","protected":false},"author":1,"featured_media":50767,"comment_status":"closed","ping_status":"open","sticky":false,"template":"","format":"standard","meta":{"content-type":"","footnotes":""},"categories":[16],"tags":[123,2448,5313,1267],"class_list":["post-50766","post","type-post","status-publish","format-standard","has-post-thumbnail","hentry","category-noticias","tag-brasil","tag-diario","tag-noticia","tag-noticias"],"_links":{"self":[{"href":"https:\/\/tvbrazilusa.com\/pt\/wp-json\/wp\/v2\/posts\/50766","targetHints":{"allow":["GET"]}}],"collection":[{"href":"https:\/\/tvbrazilusa.com\/pt\/wp-json\/wp\/v2\/posts"}],"about":[{"href":"https:\/\/tvbrazilusa.com\/pt\/wp-json\/wp\/v2\/types\/post"}],"author":[{"embeddable":true,"href":"https:\/\/tvbrazilusa.com\/pt\/wp-json\/wp\/v2\/users\/1"}],"replies":[{"embeddable":true,"href":"https:\/\/tvbrazilusa.com\/pt\/wp-json\/wp\/v2\/comments?post=50766"}],"version-history":[{"count":1,"href":"https:\/\/tvbrazilusa.com\/pt\/wp-json\/wp\/v2\/posts\/50766\/revisions"}],"predecessor-version":[{"id":50768,"href":"https:\/\/tvbrazilusa.com\/pt\/wp-json\/wp\/v2\/posts\/50766\/revisions\/50768"}],"wp:featuredmedia":[{"embeddable":true,"href":"https:\/\/tvbrazilusa.com\/pt\/wp-json\/wp\/v2\/media\/50767"}],"wp:attachment":[{"href":"https:\/\/tvbrazilusa.com\/pt\/wp-json\/wp\/v2\/media?parent=50766"}],"wp:term":[{"taxonomy":"category","embeddable":true,"href":"https:\/\/tvbrazilusa.com\/pt\/wp-json\/wp\/v2\/categories?post=50766"},{"taxonomy":"post_tag","embeddable":true,"href":"https:\/\/tvbrazilusa.com\/pt\/wp-json\/wp\/v2\/tags?post=50766"}],"curies":[{"name":"wp","href":"https:\/\/api.w.org\/{rel}","templated":true}]}}