{"id":5088,"date":"2024-07-21T15:37:27","date_gmt":"2024-07-21T15:37:27","guid":{"rendered":"https:\/\/tvbrazilusa.com\/2024\/07\/21\/cresce-desaprovacao-do-governo-lula-na-cidade-de-sao-paulo-paulo-figueiredo\/"},"modified":"2024-07-21T15:38:15","modified_gmt":"2024-07-21T15:38:15","slug":"cresce-desaprovacao-do-governo-lula-na-cidade-de-sao-paulo-paulo-figueiredo","status":"publish","type":"post","link":"https:\/\/tvbrazilusa.com\/pt\/2024\/07\/21\/cresce-desaprovacao-do-governo-lula-na-cidade-de-sao-paulo-paulo-figueiredo\/","title":{"rendered":"Cresce desaprova\u00e7\u00e3o do governo Lula na cidade de S\u00e3o Paulo &#8211; Paulo Figueiredo"},"content":{"rendered":"<p> <script async src=\"https:\/\/pagead2.googlesyndication.com\/pagead\/js\/adsbygoogle.js?client=ca-pub-8864793242727901\"\r\n     crossorigin=\"anonymous\"><\/script><br \/>\n<\/p>\n<div id=\"wtr-content\" data-bg=\"#FFFFFF\" data-fg=\"#006d91\" data-width=\"25\" data-mute=\"1\" data-fgopacity=\"1.00\" data-mutedopacity=\"0.5\" data-placement=\"bottom\" data-placement-offset=\"0\" data-content-offset=\"262\" data-placement-touch=\"bottom\" data-placement-offset-touch=\"0\" data-transparent=\"\" data-shadow=\"0\" data-touch=\"1\" data-non-touch=\"1\" data-comments=\"0\" data-commentsbg=\"transparent\" data-location=\"page\" data-mutedfg=\"#006d91\" data-endfg=\"#006d91\" data-rtl=\"\">\n<h3 class=\"wp-block-heading\">Rejei\u00e7\u00e3o \u00e0 gest\u00e3o petista na capital paulista avan\u00e7ou 6 pontos porcentuais no intervalo de 5 meses, indica Paran\u00e1 Pesquisas<\/h3>\n<p>A desaprova\u00e7\u00e3o ao governo do presidente Luiz In\u00e1cio Lula da Silva segue crescente na cidade de S\u00e3o Paulo. \u00c9 o que mostra o mais recente levantamento do instituto Paran\u00e1 Pesquisas.<\/p>\n<p>Conforme o material divulgado na \u00faltima sexta-feira, 19, 47,9% dos eleitores paulistanos afirmam que desaprovam a atual administra\u00e7\u00e3o \u00e0 frente do\u00a0<strong>Pal\u00e1cio do Planalto<\/strong>.<\/p>\n<p>Dessa forma, a desaprova\u00e7\u00e3o do atual governo federal encostou na aprova\u00e7\u00e3o, que surge com 48,7%. Al\u00e9m disso, 3,4% dos entrevistados na cidade de S\u00e3o Paulo n\u00e3o souberam responder ou n\u00e3o quiseram opinar.<\/p>\n<p>Na pesquisa anterior, em junho, o indicador de rejei\u00e7\u00e3o \u00e0 gest\u00e3o federal estava 46,9%. Ou seja, avan\u00e7ou exatamente um ponto porcentual de um m\u00eas para o outro.<\/p>\n<p>O crescimento da desaprova\u00e7\u00e3o do governo Lula n\u00e3o se deu, contudo, apenas de junho para julho. No decorrer dos \u00faltimos cinco meses, a rejei\u00e7\u00e3o \u00e0 administra\u00e7\u00e3o petista evoluiu exatamente seis pontos porcentuais na capital paulista.<\/p>\n<h3 class=\"wp-block-heading\">Leia mais:<\/h3>\n<p>De acordo com o levantamento do Paran\u00e1 Pesquisas na cidade de S\u00e3o Paulo em fevereiro, a desaprova\u00e7\u00e3o ao governo Lula estava em 41,9%. O mesmo indicador, a saber, subiu para 43,6% em mar\u00e7o. J\u00e1 conforme a pesquisa do in\u00edcio de maio, a rejei\u00e7\u00e3o chegou a 45%. No fim do mesmo m\u00eas, o porcentual estava em 45,7%.<\/p>\n<h3 class=\"wp-block-heading\">Mais de 29% dos paulistanos consideram o governo Lula p\u00e9ssimo<\/h3>\n<p>No mesmo levantamento, o instituto tamb\u00e9m mapeou o n\u00edvel de avalia\u00e7\u00e3o da gest\u00e3o petista na capital paulista. Nesse sentido, 29,2% dos entrevistados consideram como p\u00e9ssima a administra\u00e7\u00e3o federal. Enquanto isso, 25,9% responderam regular. Boa (22,5%), \u00f3tima (12%) e ruim (8,7%) completam a lista. Al\u00e9m disso, 1,7% n\u00e3o soube ou n\u00e3o quis responder.<\/p>\n<p>A parcela de quem v\u00ea o Executivo federal como p\u00e9ssimo tamb\u00e9m segue tend\u00eancia de alta na cidade de S\u00e3o Paulo. Em fevereiro, de acordo com o Paran\u00e1 Pesquisas, o porcentual estava 23,4%. Na sequ\u00eancia, a saber, teve os seguintes registros:<\/p>\n<ul class=\"wp-block-list\">\n<li>27% (mar\u00e7o);<\/li>\n<li>24,4% (in\u00edcio de maio);<\/li>\n<li>28,7% (fim de maio); e<\/li>\n<li>28,3% (junho).<\/li>\n<\/ul>\n<p>Para o Partido dos Trabalhadores (PT), o aumento da desaprova\u00e7\u00e3o e de quem considera o governo Lula como p\u00e9ssimo n\u00e3o foram os \u00fanicos problemas presentes no mais recente levantamento do Paran\u00e1 Pesquisas na capital paulista. Postulante \u00e0 Prefeitura de S\u00e3o Paulo pelo Psol, mas com apoio formal do PT, o deputado federal\u00a0<strong>Guilherme Boulos aparece como o pr\u00e9-candidato mais rejeitado<\/strong>\u00a0entre os eleitores do munic\u00edpio. Conforme a pesquisa, 31% dos entrevistados afirmaram que jamais votariam nele.<\/p>\n<p>Com 9,3 milh\u00f5es de eleitores, a cidade de S\u00e3o Paulo \u00e9 o maior col\u00e9gio eleitoral do pa\u00eds.<\/p>\n<h3 class=\"wp-block-heading\">Dados do levantamento<\/h3>\n<p>Para mapear o n\u00edvel de desaprova\u00e7\u00e3o do governo Lula na cidade de S\u00e3o Paulo, o Paran\u00e1 Pesquisas entrevistou 1,5 mil eleitores em potencial, de 14 a 17 de julho. De acordo com o instituto, a margem de erro \u00e9 de 2,6 pontos porcentuais, com n\u00edvel de confian\u00e7a de 95%. Por fim, a empresa informa que registrou a pesquisa no\u00a0<strong>Tribunal Superior Eleitoral<\/strong>, com SP-06862\/2024 como protocolo de acompanhamento.<\/p>\n<p><strong><a href=\"https:\/\/revistaoeste.com\/politica\/cresce-desaprovacao-do-governo-lula-na-cidade-de-sao-paulo\/\">Source link<\/a><\/strong><\/p>\n<\/div>\n<p><br \/>\n<br \/><a href=\"https:\/\/paulofigueiredoshow.com\/cresce-desaprovacao-do-governo-lula-na-cidade-de-sao-paulo\/\">Source link <\/a><\/p>","protected":false},"excerpt":{"rendered":"<p>Rejei\u00e7\u00e3o \u00e0 gest\u00e3o petista na capital paulista avan\u00e7ou 6 pontos porcentuais no intervalo de 5 meses, indica Paran\u00e1 Pesquisas A desaprova\u00e7\u00e3o ao governo do presidente Luiz In\u00e1cio Lula da Silva&hellip;<\/p>","protected":false},"author":1,"featured_media":5089,"comment_status":"closed","ping_status":"open","sticky":false,"template":"","format":"standard","meta":{"content-type":"","footnotes":""},"categories":[16],"tags":[],"class_list":["post-5088","post","type-post","status-publish","format-standard","has-post-thumbnail","hentry","category-noticias"],"_links":{"self":[{"href":"https:\/\/tvbrazilusa.com\/pt\/wp-json\/wp\/v2\/posts\/5088","targetHints":{"allow":["GET"]}}],"collection":[{"href":"https:\/\/tvbrazilusa.com\/pt\/wp-json\/wp\/v2\/posts"}],"about":[{"href":"https:\/\/tvbrazilusa.com\/pt\/wp-json\/wp\/v2\/types\/post"}],"author":[{"embeddable":true,"href":"https:\/\/tvbrazilusa.com\/pt\/wp-json\/wp\/v2\/users\/1"}],"replies":[{"embeddable":true,"href":"https:\/\/tvbrazilusa.com\/pt\/wp-json\/wp\/v2\/comments?post=5088"}],"version-history":[{"count":1,"href":"https:\/\/tvbrazilusa.com\/pt\/wp-json\/wp\/v2\/posts\/5088\/revisions"}],"predecessor-version":[{"id":5090,"href":"https:\/\/tvbrazilusa.com\/pt\/wp-json\/wp\/v2\/posts\/5088\/revisions\/5090"}],"wp:featuredmedia":[{"embeddable":true,"href":"https:\/\/tvbrazilusa.com\/pt\/wp-json\/wp\/v2\/media\/5089"}],"wp:attachment":[{"href":"https:\/\/tvbrazilusa.com\/pt\/wp-json\/wp\/v2\/media?parent=5088"}],"wp:term":[{"taxonomy":"category","embeddable":true,"href":"https:\/\/tvbrazilusa.com\/pt\/wp-json\/wp\/v2\/categories?post=5088"},{"taxonomy":"post_tag","embeddable":true,"href":"https:\/\/tvbrazilusa.com\/pt\/wp-json\/wp\/v2\/tags?post=5088"}],"curies":[{"name":"wp","href":"https:\/\/api.w.org\/{rel}","templated":true}]}}