{"id":50887,"date":"2024-10-22T20:09:30","date_gmt":"2024-10-22T20:09:30","guid":{"rendered":"https:\/\/tvbrazilusa.com\/2024\/10\/22\/jojo-todynho-reage-apos-criticas-de-xuxa-nao-tem-moral-veja-video\/"},"modified":"2024-10-22T20:09:31","modified_gmt":"2024-10-22T20:09:31","slug":"jojo-todynho-reage-apos-criticas-de-xuxa-nao-tem-moral-veja-video","status":"publish","type":"post","link":"https:\/\/tvbrazilusa.com\/pt\/2024\/10\/22\/jojo-todynho-reage-apos-criticas-de-xuxa-nao-tem-moral-veja-video\/","title":{"rendered":"Jojo Todynho reage ap\u00f3s cr\u00edticas de Xuxa: &#8216;N\u00e3o tem moral&#8217;; VEJA  V\u00cdDEO"},"content":{"rendered":"<p> <script async src=\"https:\/\/pagead2.googlesyndication.com\/pagead\/js\/adsbygoogle.js?client=ca-pub-8864793242727901\"\r\n     crossorigin=\"anonymous\"><\/script><br \/>\n<\/p>\n<div id=\"taboola-read-more\" style=\"display:block; width:100%\">\n<p>Em viagem por Portugal, a influenciadora Jojo Todynho usou as redes sociais para reagir aos coment\u00e1rios feitos pela apresentadora Xuxa Meneghel na semana passada. Na ocasi\u00e3o, a Rainha dos Baixinhos disse que a influencer era uma \u201cdecep\u00e7\u00e3o\u201d. Jojo n\u00e3o poupou cr\u00edticas \u00e0 artista, disse que Xuxa \u00e9 \u201cprivilegiada\u201d e que ela \u201cn\u00e3o tem moral\u201d.\n<\/p>\n<p>\u201cEu n\u00e3o tinha tomado conhecimento que a senhora Xuxa andou por a\u00ed falando da minha pessoa\u201d, come\u00e7ou Jojo Todynho em um v\u00eddeo publicado nos stories do Instagram nesta ter\u00e7a-feira (22\/10). \u201cEu queria que ela me respondesse porque que eu sou desnecess\u00e1ria, mas eu tamb\u00e9m j\u00e1 escrevi l\u00e1 no Whatsapp dela, porque eu tenho o n\u00famero dela, que se ela me acha desnecess\u00e1ria, eu acho\u2026 C\u00eas entenderam o que eu acho\u201d, ironizou a influenciadora.<\/p>\n<p>A dona do hit Que Tiro Foi Esse? ainda disse que sempre foi f\u00e3 de Xuxa, mas se decepcionou com a artista. \u201cPorque eu acho que necess\u00e1rio \u00e9 quem cuspiu na cara dela, porque eu sempre a respeitei, gravei o Mion, fiquei do lado dela, ri, conversei, porque eu sempre tive muito respeito, a Xuxa sempre foi o sonho de todos que viveu [sic] do outro lado da moeda, porque ela \u00e9 privilegiada, em conhec\u00ea-la. E eu como uma f\u00e3 sempre ovacionei, mas que decep\u00e7\u00e3o\u201d.\n<\/p>\n<p>Jojo Todynho seguiu com as cr\u00edticas a apresentadora. \u201cEnt\u00e3o Xuxa, eu digo diretamente pra voc\u00ea e para todas as outras pessoas que est\u00e3o tomando partido de um lado, sem entender o outro, que se eu tive alguma atitude, alguma coisa me fizeram. E tamb\u00e9m n\u00e3o fale de mim se voc\u00ea n\u00e3o cal\u00e7ou meus chinelos de prego\u201d, atacou a influencer.\n<\/p>\n<p>\u201cN\u00e3o tem moral\u201d<br \/>A ex-amiga de Anitta encerrou o v\u00eddeo dizendo que n\u00e3o vai aceitar ser desrespeitada. \u201cVoc\u00ea \u00e9 privilegiada, voc\u00ea n\u00e3o passou pelo o que eu passei, voc\u00ea comeu angu frito? Voc\u00ea viveu sem ter o que comer um dia? Claro que n\u00e3o, voc\u00ea \u00e9 branca n\u00e9. Eu lutei sozinha. E n\u00e3o vou deixar ningu\u00e9m, muito menos voc\u00ea, pode ser a rainha que for, me desrespeitar. Eu nunca fui pra Twitter, Instagram ou dei entrevista falando mal de ningu\u00e9m. Ent\u00e3o n\u00e3o fale de mim, voc\u00ea n\u00e3o tem moral\u201d.\n<\/p>\n<p>As falas de Xuxa viralizaram na \u00faltima sexta-feira (18\/10). A Rainha dos Baixinhos reagiu a um v\u00eddeo que circula nas redes sociais, em que um influenciador critica a atitude da cantora de retirar do YouTube e das plataformas digitais a m\u00fasicas Arrasou Viado.\n<\/p>\n<p>\u201cVoc\u00ea usou a comunidade, voc\u00ea usou a bandeira, voc\u00ea usou os gays para botar hype na sua m\u00fasica ruim\u201d, declarou Marcio Rolim nas imagens publicadas no Instagram h\u00e1 quatro semanas. A apresentadora reagiu e deixou um coment\u00e1rio repudiando a atitude de Jojo. \u201cNossa! Decep\u00e7\u00e3o tem nome! Sinto muito, Marcio\u201d, lamentou Xuxa.\n<\/p>\n<p><strong>VEJA V\u00cdDEO:<\/strong>\n<\/p>\n<p>Fonte: Metr\u00f3poles <\/p>\n<\/div>\n<p><br \/>\n<br \/><a href=\"https:\/\/diariodobrasilnoticias.com.br\/noticia\/jojo-todynho-reage-apos-criticas-de-xuxa-nao-tem-moral-veja-video-6717ee5566ffa\">Source link <\/a><\/p>","protected":false},"excerpt":{"rendered":"<p>Em viagem por Portugal, a influenciadora Jojo Todynho usou as redes sociais para reagir aos coment\u00e1rios feitos pela apresentadora Xuxa Meneghel na semana passada. Na ocasi\u00e3o, a Rainha dos Baixinhos&hellip;<\/p>","protected":false},"author":1,"featured_media":50888,"comment_status":"closed","ping_status":"open","sticky":false,"template":"","format":"standard","meta":{"content-type":"","footnotes":""},"categories":[16],"tags":[123,2448,5313,1267],"class_list":["post-50887","post","type-post","status-publish","format-standard","has-post-thumbnail","hentry","category-noticias","tag-brasil","tag-diario","tag-noticia","tag-noticias"],"_links":{"self":[{"href":"https:\/\/tvbrazilusa.com\/pt\/wp-json\/wp\/v2\/posts\/50887","targetHints":{"allow":["GET"]}}],"collection":[{"href":"https:\/\/tvbrazilusa.com\/pt\/wp-json\/wp\/v2\/posts"}],"about":[{"href":"https:\/\/tvbrazilusa.com\/pt\/wp-json\/wp\/v2\/types\/post"}],"author":[{"embeddable":true,"href":"https:\/\/tvbrazilusa.com\/pt\/wp-json\/wp\/v2\/users\/1"}],"replies":[{"embeddable":true,"href":"https:\/\/tvbrazilusa.com\/pt\/wp-json\/wp\/v2\/comments?post=50887"}],"version-history":[{"count":1,"href":"https:\/\/tvbrazilusa.com\/pt\/wp-json\/wp\/v2\/posts\/50887\/revisions"}],"predecessor-version":[{"id":50889,"href":"https:\/\/tvbrazilusa.com\/pt\/wp-json\/wp\/v2\/posts\/50887\/revisions\/50889"}],"wp:featuredmedia":[{"embeddable":true,"href":"https:\/\/tvbrazilusa.com\/pt\/wp-json\/wp\/v2\/media\/50888"}],"wp:attachment":[{"href":"https:\/\/tvbrazilusa.com\/pt\/wp-json\/wp\/v2\/media?parent=50887"}],"wp:term":[{"taxonomy":"category","embeddable":true,"href":"https:\/\/tvbrazilusa.com\/pt\/wp-json\/wp\/v2\/categories?post=50887"},{"taxonomy":"post_tag","embeddable":true,"href":"https:\/\/tvbrazilusa.com\/pt\/wp-json\/wp\/v2\/tags?post=50887"}],"curies":[{"name":"wp","href":"https:\/\/api.w.org\/{rel}","templated":true}]}}