{"id":50908,"date":"2024-10-22T21:26:23","date_gmt":"2024-10-22T21:26:23","guid":{"rendered":"https:\/\/tvbrazilusa.com\/2024\/10\/22\/de-la-cruz-sofre-lesao-no-musculo-posterior-da-coxa-direita-e-desfalca-o-flamengo\/"},"modified":"2024-10-22T21:26:24","modified_gmt":"2024-10-22T21:26:24","slug":"de-la-cruz-sofre-lesao-no-musculo-posterior-da-coxa-direita-e-desfalca-o-flamengo","status":"publish","type":"post","link":"https:\/\/tvbrazilusa.com\/pt\/2024\/10\/22\/de-la-cruz-sofre-lesao-no-musculo-posterior-da-coxa-direita-e-desfalca-o-flamengo\/","title":{"rendered":"De la Cruz sofre les\u00e3o no m\u00fasculo posterior da coxa direita e desfalca o Flamengo"},"content":{"rendered":"<p> <script async src=\"https:\/\/pagead2.googlesyndication.com\/pagead\/js\/adsbygoogle.js?client=ca-pub-8864793242727901\"\r\n     crossorigin=\"anonymous\"><\/script><br \/>\n<\/p>\n<div data-block-type=\"unstyled\" data-block-weight=\"54\" data-block-id=\"5\">\n<p class=\"content-text__container\" data-track-category=\"Link no Texto\" data-track-links=\"\" data-mrf-recirculation=\"Recomenda\u00e7\u00e3o meio do texto\">O uruguaio deixou o campo contra o Corinthians no come\u00e7o do segundo tempo, com dores na posterior da coxa direita, e foi substitu\u00eddo pelo argentino Carlos Alcaraz. Com a les\u00e3o, De la Cruz preocupa o time rubro-negro para a final da Copa do Brasil, contra o Atl\u00e9tico-MG, nos dias 3 e 10 de novembro.\n<\/p>\n<\/div>\n<p><br \/>\n<br \/><a href=\"https:\/\/diariodobrasilnoticias.com.br\/noticia\/de-la-cruz-sofre-lesao-no-musculo-posterior-da-coxa-direita-e-desfalca-o-flamengo-6717ff11648d3\">Source link <\/a><\/p>","protected":false},"excerpt":{"rendered":"<p>O uruguaio deixou o campo contra o Corinthians no come\u00e7o do segundo tempo, com dores na posterior da coxa direita, e foi substitu\u00eddo pelo argentino Carlos Alcaraz. Com a les\u00e3o,&hellip;<\/p>","protected":false},"author":1,"featured_media":50909,"comment_status":"closed","ping_status":"open","sticky":false,"template":"","format":"standard","meta":{"content-type":"","footnotes":""},"categories":[16],"tags":[123,2448,5313,1267],"class_list":["post-50908","post","type-post","status-publish","format-standard","has-post-thumbnail","hentry","category-noticias","tag-brasil","tag-diario","tag-noticia","tag-noticias"],"_links":{"self":[{"href":"https:\/\/tvbrazilusa.com\/pt\/wp-json\/wp\/v2\/posts\/50908","targetHints":{"allow":["GET"]}}],"collection":[{"href":"https:\/\/tvbrazilusa.com\/pt\/wp-json\/wp\/v2\/posts"}],"about":[{"href":"https:\/\/tvbrazilusa.com\/pt\/wp-json\/wp\/v2\/types\/post"}],"author":[{"embeddable":true,"href":"https:\/\/tvbrazilusa.com\/pt\/wp-json\/wp\/v2\/users\/1"}],"replies":[{"embeddable":true,"href":"https:\/\/tvbrazilusa.com\/pt\/wp-json\/wp\/v2\/comments?post=50908"}],"version-history":[{"count":1,"href":"https:\/\/tvbrazilusa.com\/pt\/wp-json\/wp\/v2\/posts\/50908\/revisions"}],"predecessor-version":[{"id":50910,"href":"https:\/\/tvbrazilusa.com\/pt\/wp-json\/wp\/v2\/posts\/50908\/revisions\/50910"}],"wp:featuredmedia":[{"embeddable":true,"href":"https:\/\/tvbrazilusa.com\/pt\/wp-json\/wp\/v2\/media\/50909"}],"wp:attachment":[{"href":"https:\/\/tvbrazilusa.com\/pt\/wp-json\/wp\/v2\/media?parent=50908"}],"wp:term":[{"taxonomy":"category","embeddable":true,"href":"https:\/\/tvbrazilusa.com\/pt\/wp-json\/wp\/v2\/categories?post=50908"},{"taxonomy":"post_tag","embeddable":true,"href":"https:\/\/tvbrazilusa.com\/pt\/wp-json\/wp\/v2\/tags?post=50908"}],"curies":[{"name":"wp","href":"https:\/\/api.w.org\/{rel}","templated":true}]}}