{"id":50991,"date":"2024-10-23T01:49:10","date_gmt":"2024-10-23T01:49:10","guid":{"rendered":"https:\/\/tvbrazilusa.com\/2024\/10\/23\/brics-adotara-declaracao-final-com-posicao-comum-sobre-ucrania-diz-russia-paulo-figueiredo\/"},"modified":"2024-10-23T01:54:31","modified_gmt":"2024-10-23T01:54:31","slug":"brics-adotara-declaracao-final-com-posicao-comum-sobre-ucrania-diz-russia-paulo-figueiredo","status":"publish","type":"post","link":"https:\/\/tvbrazilusa.com\/pt\/2024\/10\/23\/brics-adotara-declaracao-final-com-posicao-comum-sobre-ucrania-diz-russia-paulo-figueiredo\/","title":{"rendered":"Brics adotar\u00e1 declara\u00e7\u00e3o final com \u201cposi\u00e7\u00e3o comum\u201d sobre Ucr\u00e2nia, diz R\u00fassia &#8211; Paulo Figueiredo"},"content":{"rendered":"<p> <script async src=\"https:\/\/pagead2.googlesyndication.com\/pagead\/js\/adsbygoogle.js?client=ca-pub-8864793242727901\"\r\n     crossorigin=\"anonymous\"><\/script><br \/>\n<\/p>\n<div id=\"wtr-content\" data-bg=\"#FFFFFF\" data-fg=\"#006d91\" data-width=\"25\" data-mute=\"1\" data-fgopacity=\"1.00\" data-mutedopacity=\"0.5\" data-placement=\"bottom\" data-placement-offset=\"0\" data-content-offset=\"262\" data-placement-touch=\"bottom\" data-placement-offset-touch=\"0\" data-transparent=\"\" data-shadow=\"0\" data-touch=\"1\" data-non-touch=\"1\" data-comments=\"0\" data-commentsbg=\"transparent\" data-location=\"page\" data-mutedfg=\"#006d91\" data-endfg=\"#006d91\" data-rtl=\"\">\n<h3 class=\"wp-block-heading\">Reunidos em Kazan, Brics adotar\u00e3o declara\u00e7\u00e3o com \u201cposi\u00e7\u00e3o comum\u201d sobre conflito da Ucr\u00e2nia, disse um assessor do Kremlin<\/h3>\n<p>O grupo Brics, reunido em uma c\u00fapula na cidade de Kazan, na R\u00fassia, aprovar\u00e1 uma declara\u00e7\u00e3o final que incluir\u00e1 sua \u201cposi\u00e7\u00e3o comum\u201d sobre o conflito na Ucr\u00e2nia, afirmou nesta ter\u00e7a-feira (22) Yuri Ushakov, assessor do Kremlin para assuntos internacionais.<\/p>\n<p>\u201cO conte\u00fado j\u00e1 ficou acertado. N\u00e3o houve nenhuma obje\u00e7\u00e3o\u201d, disse Ushakov \u00e0 televis\u00e3o estatal russa.<\/p>\n<p>O primeiro-ministro da \u00cdndia, Narendra Modi, declarou nesta ter\u00e7a ao ditador da R\u00fassia, Vladimir Putin, que seu pa\u00eds apoia uma solu\u00e7\u00e3o para o conflito na Ucr\u00e2nia exclusivamente por meios pac\u00edficos.<\/p>\n<p>\u201cComo j\u00e1 disse no passado, acreditamos que o problema deve ser resolvido por meios pac\u00edficos. Apoiamos totalmente a r\u00e1pida restaura\u00e7\u00e3o da paz e da estabilidade\u201d, disse Modi no in\u00edcio de sua reuni\u00e3o com Putin em Kazan.<\/p>\n<p>Ele enfatizou que seu pa\u00eds \u201csempre deu prioridade \u00e0 vida humana\u201d e, portanto, para alcan\u00e7ar a paz, est\u00e1 pronto \u201cpara fornecer qualquer assist\u00eancia no futuro\u201d.<\/p>\n<p>Outros l\u00edderes participantes da c\u00fapula, como o ditador da China, Xi Jinping, e o presidente Luiz In\u00e1cio Lula da Silva (por videoconfer\u00eancia), tamb\u00e9m apresentaram uma iniciativa de paz de seis pontos para a solu\u00e7\u00e3o do conflito na Ucr\u00e2nia, que foi rejeitada pelo pa\u00eds liderado por Volodymyr Zelensky por n\u00e3o fazer refer\u00eancia \u00e0 retirada das tropas da R\u00fassia, que invadiu a Ucr\u00e2nia em 2022.<\/p>\n<p>Putin j\u00e1 tinha apontado h\u00e1 algum tempo \u00cdndia, China e Brasil como poss\u00edveis mediadores em futuras negocia\u00e7\u00f5es de paz com a Ucr\u00e2nia.<\/p>\n<p><strong><a href=\"https:\/\/www.gazetadopovo.com.br\/mundo\/brics-adotara-declaracao-final-com-posicao-comum-sobre-ucrania-diz-russia\/\">Source link<\/a><\/strong><\/p>\n<\/div>\n<p><br \/>\n<br \/><a href=\"https:\/\/paulofigueiredoshow.com\/brics-adotara-declaracao-final-com-posicao-comum-sobre-ucrania-diz-russia\/\">Source link <\/a><\/p>","protected":false},"excerpt":{"rendered":"<p>Reunidos em Kazan, Brics adotar\u00e3o declara\u00e7\u00e3o com \u201cposi\u00e7\u00e3o comum\u201d sobre conflito da Ucr\u00e2nia, disse um assessor do Kremlin O grupo Brics, reunido em uma c\u00fapula na cidade de Kazan, na&hellip;<\/p>","protected":false},"author":1,"featured_media":50471,"comment_status":"closed","ping_status":"open","sticky":false,"template":"","format":"standard","meta":{"content-type":"","footnotes":""},"categories":[16],"tags":[4304,3940,3941,19181,4468,2049],"class_list":["post-50991","post","type-post","status-publish","format-standard","has-post-thumbnail","hentry","category-noticias","tag-brics","tag-china","tag-ditadores","tag-ponto","tag-putin","tag-russia"],"_links":{"self":[{"href":"https:\/\/tvbrazilusa.com\/pt\/wp-json\/wp\/v2\/posts\/50991","targetHints":{"allow":["GET"]}}],"collection":[{"href":"https:\/\/tvbrazilusa.com\/pt\/wp-json\/wp\/v2\/posts"}],"about":[{"href":"https:\/\/tvbrazilusa.com\/pt\/wp-json\/wp\/v2\/types\/post"}],"author":[{"embeddable":true,"href":"https:\/\/tvbrazilusa.com\/pt\/wp-json\/wp\/v2\/users\/1"}],"replies":[{"embeddable":true,"href":"https:\/\/tvbrazilusa.com\/pt\/wp-json\/wp\/v2\/comments?post=50991"}],"version-history":[{"count":1,"href":"https:\/\/tvbrazilusa.com\/pt\/wp-json\/wp\/v2\/posts\/50991\/revisions"}],"predecessor-version":[{"id":50992,"href":"https:\/\/tvbrazilusa.com\/pt\/wp-json\/wp\/v2\/posts\/50991\/revisions\/50992"}],"wp:featuredmedia":[{"embeddable":true,"href":"https:\/\/tvbrazilusa.com\/pt\/wp-json\/wp\/v2\/media\/50471"}],"wp:attachment":[{"href":"https:\/\/tvbrazilusa.com\/pt\/wp-json\/wp\/v2\/media?parent=50991"}],"wp:term":[{"taxonomy":"category","embeddable":true,"href":"https:\/\/tvbrazilusa.com\/pt\/wp-json\/wp\/v2\/categories?post=50991"},{"taxonomy":"post_tag","embeddable":true,"href":"https:\/\/tvbrazilusa.com\/pt\/wp-json\/wp\/v2\/tags?post=50991"}],"curies":[{"name":"wp","href":"https:\/\/api.w.org\/{rel}","templated":true}]}}