{"id":50995,"date":"2024-10-23T02:07:13","date_gmt":"2024-10-23T02:07:13","guid":{"rendered":"https:\/\/tvbrazilusa.com\/2024\/10\/23\/artilheiro-da-libertadores-e-do-botafogo-nao-enfrenta-o-penarol\/"},"modified":"2024-10-23T02:07:14","modified_gmt":"2024-10-23T02:07:14","slug":"artilheiro-da-libertadores-e-do-botafogo-nao-enfrenta-o-penarol","status":"publish","type":"post","link":"https:\/\/tvbrazilusa.com\/pt\/2024\/10\/23\/artilheiro-da-libertadores-e-do-botafogo-nao-enfrenta-o-penarol\/","title":{"rendered":"Artilheiro da Libertadores e do Botafogo n\u00e3o enfrenta o Pe\u00f1arol"},"content":{"rendered":"<p> <script async src=\"https:\/\/pagead2.googlesyndication.com\/pagead\/js\/adsbygoogle.js?client=ca-pub-8864793242727901\"\r\n     crossorigin=\"anonymous\"><\/script><br \/>\n<\/p>\n<div>\n<figure class=\"post-image\">\n<\/figure>\n<p><span style=\"font-size: 12px\">Buda Mendes\/Getty Images<\/span><\/p>\n<div id=\"taboola-read-more\" style=\"display:block; width:100%\">\n<p>Artilheiro da Copa Libertadores com nove gols marcados, J\u00fanior Santos segue sendo aus\u00eancia no Botafogo para o duelo contra o Pe\u00f1arol. O Glorioso recebe o clube uruguaio nesta quarta-feira (22\/10), a partir de 21h30, pela partida de ida da semifinal da competi\u00e7\u00e3o.\n<\/p>\n<p>A aus\u00eancia do atacante acontece pois, mesmo se recuperando da fratura que teve na t\u00edbia em junho, voltou a sentir o local da les\u00e3o ap\u00f3s o duelo contra o Gr\u00eamio, no dia 28 de setembro, na Arena BRB Man\u00e9 Garrincha.<\/p>\n<p>J\u00fanior Santos deve focar em trabalhos de fortalecimento, com a inten\u00e7\u00e3o de retomar as atividades nos pr\u00f3ximos dias, podendo ser novidade na lista dos relacionados para a partida de volta da Libertadores, no dia 30 de outubro, em Montevid\u00e9u.\n<\/p>\n<p>Vale destacar que mesmo com o longo per\u00edodo longe dos gramados, J\u00fanior Santos, al\u00e9m de artilheiro da Libertadores com nove gols, tamb\u00e9m \u00e9 o artilheiro do Glorioso na temporada. S\u00e3o 18 bolas na rede e quatro assist\u00eancias em 42 partidas disputadas em 2024.\n<\/p>\n<p>Fonte: Metr\u00f3poles <\/p>\n<\/div>\n<div class=\"row mt-3\">\n<div class=\"col-sm-6\">\n<p><a href=\"https:\/\/chat.whatsapp.com\/J6hwSKYns5B0XFowx2wZ0P\" target=\"_blank\" rel=\"noopener\"><br \/>\n<img decoding=\"async\" src=\"https:\/\/diariodobrasilnoticias.com.br\/assets-site\/images\/bot_whatsapp.png\"\/><\/a>\n<\/div>\n<div class=\"col-sm-6\">\n<a href=\"https:\/\/t.me\/+_4gTmi5LKo03OTM5\" target=\"_blank\" rel=\"noopener\"><br \/>\n<img decoding=\"async\" src=\"https:\/\/diariodobrasilnoticias.com.br\/assets-site\/images\/bot_telegram.png\"\/><\/a>\n<\/div>\n<\/div>\n<\/div>\n<p><br \/>\n<br \/><a href=\"https:\/\/diariodobrasilnoticias.com.br\/noticia\/artilheiro-da-libertadores-e-do-botafogo-nao-enfrenta-o-penarol-67182f087e9ab\">Source link <\/a><\/p>","protected":false},"excerpt":{"rendered":"<p>Buda Mendes\/Getty Images Artilheiro da Copa Libertadores com nove gols marcados, J\u00fanior Santos segue sendo aus\u00eancia no Botafogo para o duelo contra o Pe\u00f1arol. O Glorioso recebe o clube uruguaio&hellip;<\/p>","protected":false},"author":1,"featured_media":50996,"comment_status":"closed","ping_status":"open","sticky":false,"template":"","format":"standard","meta":{"content-type":"","footnotes":""},"categories":[16],"tags":[123,2448,5313,1267],"class_list":["post-50995","post","type-post","status-publish","format-standard","has-post-thumbnail","hentry","category-noticias","tag-brasil","tag-diario","tag-noticia","tag-noticias"],"_links":{"self":[{"href":"https:\/\/tvbrazilusa.com\/pt\/wp-json\/wp\/v2\/posts\/50995","targetHints":{"allow":["GET"]}}],"collection":[{"href":"https:\/\/tvbrazilusa.com\/pt\/wp-json\/wp\/v2\/posts"}],"about":[{"href":"https:\/\/tvbrazilusa.com\/pt\/wp-json\/wp\/v2\/types\/post"}],"author":[{"embeddable":true,"href":"https:\/\/tvbrazilusa.com\/pt\/wp-json\/wp\/v2\/users\/1"}],"replies":[{"embeddable":true,"href":"https:\/\/tvbrazilusa.com\/pt\/wp-json\/wp\/v2\/comments?post=50995"}],"version-history":[{"count":1,"href":"https:\/\/tvbrazilusa.com\/pt\/wp-json\/wp\/v2\/posts\/50995\/revisions"}],"predecessor-version":[{"id":50997,"href":"https:\/\/tvbrazilusa.com\/pt\/wp-json\/wp\/v2\/posts\/50995\/revisions\/50997"}],"wp:featuredmedia":[{"embeddable":true,"href":"https:\/\/tvbrazilusa.com\/pt\/wp-json\/wp\/v2\/media\/50996"}],"wp:attachment":[{"href":"https:\/\/tvbrazilusa.com\/pt\/wp-json\/wp\/v2\/media?parent=50995"}],"wp:term":[{"taxonomy":"category","embeddable":true,"href":"https:\/\/tvbrazilusa.com\/pt\/wp-json\/wp\/v2\/categories?post=50995"},{"taxonomy":"post_tag","embeddable":true,"href":"https:\/\/tvbrazilusa.com\/pt\/wp-json\/wp\/v2\/tags?post=50995"}],"curies":[{"name":"wp","href":"https:\/\/api.w.org\/{rel}","templated":true}]}}