{"id":51000,"date":"2024-10-23T02:40:23","date_gmt":"2024-10-23T02:40:23","guid":{"rendered":"https:\/\/tvbrazilusa.com\/2024\/10\/23\/penitenciarias-do-rio-tem-bloqueadores-de-celulares-com-tecnologia-defasada-em-10-anos-diz-secretaria\/"},"modified":"2024-10-23T02:40:24","modified_gmt":"2024-10-23T02:40:24","slug":"penitenciarias-do-rio-tem-bloqueadores-de-celulares-com-tecnologia-defasada-em-10-anos-diz-secretaria","status":"publish","type":"post","link":"https:\/\/tvbrazilusa.com\/pt\/2024\/10\/23\/penitenciarias-do-rio-tem-bloqueadores-de-celulares-com-tecnologia-defasada-em-10-anos-diz-secretaria\/","title":{"rendered":"Penitenci\u00e1rias do Rio t\u00eam bloqueadores de celulares com tecnologia defasada em 10 anos, diz secret\u00e1ria"},"content":{"rendered":"<p> <script async src=\"https:\/\/pagead2.googlesyndication.com\/pagead\/js\/adsbygoogle.js?client=ca-pub-8864793242727901\"\r\n     crossorigin=\"anonymous\"><\/script><br \/>\n<\/p>\n<div id=\"taboola-read-more\" style=\"display:block; width:100%\">\n<p>Segundo a secret\u00e1ria de estado de Administra\u00e7\u00e3o Penitenci\u00e1ria, Maria Rosa Nebel, os bloqueadores de celulares das penitenci\u00e1rias est\u00e3o com tecnologia defasada em 10 anos. Atualmente, o sistema usado pelo estado reconhece apenas o sinal 3G. A informa\u00e7\u00e3o foi compartilhada durante coletiva de imprensa sobre a opera\u00e7\u00e3o de combate \u00e0 fac\u00e7\u00e3o Povo de Israel, que usa os aparelhos para aplicar golpes de dentro das cadeias. Segundo investiga\u00e7\u00e3o da pol\u00edcia, esse grupo j\u00e1 lucrou cerca de R$ 67 milh\u00f5es com estelionatos.\n<\/p>\n<p>\u2014 O bloqueador que tem l\u00e1 (nos pres\u00eddios) \u00e9 3G. Ele est\u00e1 defasado, n\u00e3o consegue fazer o bloqueio total. Deve ter uns 10 anos que n\u00e3o conseguimos uma tecnologia para al\u00e9m do 3G \u2014 disse a secret\u00e1ria.<\/p>\n<p>Nebel afirmou tamb\u00e9m que, daqui a 15 dias, haver\u00e1 a publica\u00e7\u00e3o de um edital para licita\u00e7\u00e3o de um preg\u00e3o eletr\u00f4nico para compra dos novos bloqueadores.\n<\/p>\n<p>\u2014 N\u00f3s temos um processo em aberto para ver qual tecnologia \u00e9 mais eficaz para bloquear somente os sinais de dentro das unidades prisionais, sem interferir no entorno. Estamos na nossa \u00faltima etapa, pesquisando pre\u00e7os. Acreditamos que os primeiros v\u00e3o come\u00e7ar a ser instalados entre janeiro e fevereiro do pr\u00f3ximo ano.\n<\/p>\n<p>A secret\u00e1ria tamb\u00e9m pontuou que, desde 2022, cerca de 7 mil celulares foram apreendidos em 13 unidades penitenci\u00e1rias.\n<\/p>\n<p>\u2014 Eu n\u00e3o vou dizer que o celular entra exclusivamente pelo policial penal, at\u00e9 porque j\u00e1 tivemos apreens\u00e3o, em 2023, por meio de uma empresa de alimenta\u00e7\u00e3o, e tamb\u00e9m muitos s\u00e3o arremessados, porque, como sabem, o Complexo de Gericin\u00f3 tem uma proximidade arraigada com a vizinhan\u00e7a.\n<\/p>\n<p>Ao come\u00e7ar a coletiva, Nebel destacou que a fac\u00e7\u00e3o Povo de Israel n\u00e3o tem caracter\u00edsticas religiosas nem est\u00e1 associada ao Complexo de Israel, chefiado por \u00c1lvaro Malaquias Santa Rosa, do Terceiro Comando Puro (TCP). A princ\u00edpio, esse grupo \u00e9 composto por presos que n\u00e3o est\u00e3o associados a fac\u00e7\u00f5es criminosas do tr\u00e1fico de drogas.\n<\/p>\n<p>De acordo com um relat\u00f3rio feito pela secretaria estadual de Administra\u00e7\u00e3o Penitenci\u00e1ria, esse grupo j\u00e1 conta com uma legi\u00e3o de 18 mil detentos, 42% do total de presos no Estado do Rio. Especializados em aplicar o golpe do falso sequestro, eles j\u00e1 superam, em n\u00famero de integrantes nas cadeias, o Comando Vermelho e o TCP.\n<\/p>\n<p>Na manh\u00e3 desta ter\u00e7a-feira, agentes da Delegacia Antissequestro (DAS) e da Subsecretaria de Intelig\u00eancia e da Corregedoria da Secretaria estadual de Administra\u00e7\u00e3o Penitenci\u00e1ria (Seap) deflagraram a primeira fase da Opera\u00e7\u00e3o 13 Aldeias, resultado de uma investiga\u00e7\u00e3o que come\u00e7ou h\u00e1 dez meses. A apura\u00e7\u00e3o identificou um esquema de lavagem de dinheiro por meio de laranjas e empresas fantasmas que v\u00eam abastecendo a quadrilha.\n<\/p>\n<p>As equipes visam a cumprir 44 mandados de busca e apreens\u00e3o, bloqueio de contas correntes e respectivos ativos financeiros de 84 investigados, bem como o afastar da fun\u00e7\u00e3o p\u00fablica cinco policiais penais. A dilig\u00eancias s\u00e3o realizadas em Copacabana e Iraj\u00e1, na capital, e nos munic\u00edpios de S\u00e3o Gon\u00e7alo, Maric\u00e1, Rio das Ostras, B\u00fazios e S\u00e3o Jo\u00e3o da Barra, bem como no estado do Esp\u00edrito Santo. A Pol\u00edcia Penal tamb\u00e9m efetua a\u00e7\u00f5es nos pres\u00eddios onde est\u00e3o as lideran\u00e7as desta fac\u00e7\u00e3o.\n<\/p>\n<p>Fonte: O Globo <\/p>\n<\/div>\n<p><br \/>\n<br \/><a href=\"https:\/\/diariodobrasilnoticias.com.br\/noticia\/penitenciarias-do-rio-tem-bloqueadores-de-celulares-com-tecnologia-defasada-em-10-anos-diz-secretaria-67181158b6fad\">Source link <\/a><\/p>","protected":false},"excerpt":{"rendered":"<p>Segundo a secret\u00e1ria de estado de Administra\u00e7\u00e3o Penitenci\u00e1ria, Maria Rosa Nebel, os bloqueadores de celulares das penitenci\u00e1rias est\u00e3o com tecnologia defasada em 10 anos. Atualmente, o sistema usado pelo estado&hellip;<\/p>","protected":false},"author":1,"featured_media":51001,"comment_status":"closed","ping_status":"open","sticky":false,"template":"","format":"standard","meta":{"content-type":"","footnotes":""},"categories":[16],"tags":[123,2448,5313,1267],"class_list":["post-51000","post","type-post","status-publish","format-standard","has-post-thumbnail","hentry","category-noticias","tag-brasil","tag-diario","tag-noticia","tag-noticias"],"_links":{"self":[{"href":"https:\/\/tvbrazilusa.com\/pt\/wp-json\/wp\/v2\/posts\/51000","targetHints":{"allow":["GET"]}}],"collection":[{"href":"https:\/\/tvbrazilusa.com\/pt\/wp-json\/wp\/v2\/posts"}],"about":[{"href":"https:\/\/tvbrazilusa.com\/pt\/wp-json\/wp\/v2\/types\/post"}],"author":[{"embeddable":true,"href":"https:\/\/tvbrazilusa.com\/pt\/wp-json\/wp\/v2\/users\/1"}],"replies":[{"embeddable":true,"href":"https:\/\/tvbrazilusa.com\/pt\/wp-json\/wp\/v2\/comments?post=51000"}],"version-history":[{"count":1,"href":"https:\/\/tvbrazilusa.com\/pt\/wp-json\/wp\/v2\/posts\/51000\/revisions"}],"predecessor-version":[{"id":51002,"href":"https:\/\/tvbrazilusa.com\/pt\/wp-json\/wp\/v2\/posts\/51000\/revisions\/51002"}],"wp:featuredmedia":[{"embeddable":true,"href":"https:\/\/tvbrazilusa.com\/pt\/wp-json\/wp\/v2\/media\/51001"}],"wp:attachment":[{"href":"https:\/\/tvbrazilusa.com\/pt\/wp-json\/wp\/v2\/media?parent=51000"}],"wp:term":[{"taxonomy":"category","embeddable":true,"href":"https:\/\/tvbrazilusa.com\/pt\/wp-json\/wp\/v2\/categories?post=51000"},{"taxonomy":"post_tag","embeddable":true,"href":"https:\/\/tvbrazilusa.com\/pt\/wp-json\/wp\/v2\/tags?post=51000"}],"curies":[{"name":"wp","href":"https:\/\/api.w.org\/{rel}","templated":true}]}}