{"id":51006,"date":"2024-10-23T03:03:34","date_gmt":"2024-10-23T03:03:34","guid":{"rendered":"https:\/\/tvbrazilusa.com\/2024\/10\/23\/cachorro-que-viajava-como-bagagem-despachada-escapa-da-caixa-e-causa-confusao-com-funcionarios-do-aeroporto-veja-video\/"},"modified":"2024-10-23T03:03:35","modified_gmt":"2024-10-23T03:03:35","slug":"cachorro-que-viajava-como-bagagem-despachada-escapa-da-caixa-e-causa-confusao-com-funcionarios-do-aeroporto-veja-video","status":"publish","type":"post","link":"https:\/\/tvbrazilusa.com\/pt\/2024\/10\/23\/cachorro-que-viajava-como-bagagem-despachada-escapa-da-caixa-e-causa-confusao-com-funcionarios-do-aeroporto-veja-video\/","title":{"rendered":"Cachorro que viajava como &#8216;bagagem despachada&#8217; escapa da caixa e causa confus\u00e3o com funcion\u00e1rios do aeroporto; VEJA V\u00cdDEO"},"content":{"rendered":"<p> <script async src=\"https:\/\/pagead2.googlesyndication.com\/pagead\/js\/adsbygoogle.js?client=ca-pub-8864793242727901\"\r\n     crossorigin=\"anonymous\"><\/script><br \/>\n<br \/>Cachorro que viajava como &#8216;bagagem despachada&#8217; escapa da caixa e causa confus\u00e3o com funcion\u00e1rios do aeroporto<br \/>\n<br \/><br \/>\n<br \/><a href=\"https:\/\/diariodobrasilnoticias.com.br\/noticia\/cachorro-que-viajava-como-bagagem-despachada-escapa-da-caixa-e-causa-confusao-com-funcionarios-do-aeroporto-veja-video-67181738195a2\">Source link <\/a><\/p>","protected":false},"excerpt":{"rendered":"<p>Cachorro que viajava como &#8216;bagagem despachada&#8217; escapa da caixa e causa confus\u00e3o com funcion\u00e1rios do aeroporto Source link<\/p>","protected":false},"author":1,"featured_media":51007,"comment_status":"closed","ping_status":"open","sticky":false,"template":"","format":"standard","meta":{"content-type":"","footnotes":""},"categories":[16],"tags":[123,2448,5313,1267],"class_list":["post-51006","post","type-post","status-publish","format-standard","has-post-thumbnail","hentry","category-noticias","tag-brasil","tag-diario","tag-noticia","tag-noticias"],"_links":{"self":[{"href":"https:\/\/tvbrazilusa.com\/pt\/wp-json\/wp\/v2\/posts\/51006","targetHints":{"allow":["GET"]}}],"collection":[{"href":"https:\/\/tvbrazilusa.com\/pt\/wp-json\/wp\/v2\/posts"}],"about":[{"href":"https:\/\/tvbrazilusa.com\/pt\/wp-json\/wp\/v2\/types\/post"}],"author":[{"embeddable":true,"href":"https:\/\/tvbrazilusa.com\/pt\/wp-json\/wp\/v2\/users\/1"}],"replies":[{"embeddable":true,"href":"https:\/\/tvbrazilusa.com\/pt\/wp-json\/wp\/v2\/comments?post=51006"}],"version-history":[{"count":1,"href":"https:\/\/tvbrazilusa.com\/pt\/wp-json\/wp\/v2\/posts\/51006\/revisions"}],"predecessor-version":[{"id":51008,"href":"https:\/\/tvbrazilusa.com\/pt\/wp-json\/wp\/v2\/posts\/51006\/revisions\/51008"}],"wp:featuredmedia":[{"embeddable":true,"href":"https:\/\/tvbrazilusa.com\/pt\/wp-json\/wp\/v2\/media\/51007"}],"wp:attachment":[{"href":"https:\/\/tvbrazilusa.com\/pt\/wp-json\/wp\/v2\/media?parent=51006"}],"wp:term":[{"taxonomy":"category","embeddable":true,"href":"https:\/\/tvbrazilusa.com\/pt\/wp-json\/wp\/v2\/categories?post=51006"},{"taxonomy":"post_tag","embeddable":true,"href":"https:\/\/tvbrazilusa.com\/pt\/wp-json\/wp\/v2\/tags?post=51006"}],"curies":[{"name":"wp","href":"https:\/\/api.w.org\/{rel}","templated":true}]}}