{"id":51019,"date":"2024-10-23T03:56:40","date_gmt":"2024-10-23T03:56:40","guid":{"rendered":"https:\/\/tvbrazilusa.com\/2024\/10\/23\/brasil-tem-14-755-novos-casos-de-covid\/"},"modified":"2024-10-23T03:56:41","modified_gmt":"2024-10-23T03:56:41","slug":"brasil-tem-14-755-novos-casos-de-covid","status":"publish","type":"post","link":"https:\/\/tvbrazilusa.com\/pt\/2024\/10\/23\/brasil-tem-14-755-novos-casos-de-covid\/","title":{"rendered":"Brasil tem 14.755 novos casos de covid"},"content":{"rendered":"<p> <script async src=\"https:\/\/pagead2.googlesyndication.com\/pagead\/js\/adsbygoogle.js?client=ca-pub-8864793242727901\"\r\n     crossorigin=\"anonymous\"><\/script><br \/>\n<\/p>\n<div id=\"taboola-read-more\" style=\"display:block; width:100%\">\n<p>O Conass (Conselho Nacional de Secret\u00e1rios de Sa\u00fade) informou que foram contabilizados 14.755 novos casos de covid na \u00faltima semana epidemiol\u00f3gica (6.out-12.out). No per\u00edodo anterior, foram 5.663 novos cont\u00e1gios.\n<\/p>\n<p>No mesmo per\u00edodo, que \u00e9 a 41\u00aa semana epidemiol\u00f3gica de 2024, o Brasil registrou 169 mortes pela doen\u00e7a. Foram totalizados 38.968.268 cont\u00e1gios e 713.795 mortes desde o in\u00edcio da pandemia, em mar\u00e7o de 2020.<\/p>\n<p>Sob o governo de Luiz In\u00e1cio Lula da Silva (PT), o Minist\u00e9rio da Sa\u00fade parou de publicar o boletim di\u00e1rio com a quantidade de casos e mortes. Agora, os dados s\u00e3o divulgados semanalmente \u2013divididos por semanas epidemiol\u00f3gicas. A decis\u00e3o foi tomada em fevereiro de 2023. O motivo: a altera\u00e7\u00e3o na periodicidade \u201cotimiza\u201d o trabalho das equipes de vigil\u00e2ncia nas unidades da Federa\u00e7\u00e3o e \u201cn\u00e3o h\u00e1 mais motivo para notifica\u00e7\u00e3o di\u00e1ria\u201d, segundo o Conass.\n<\/p>\n<p>VACINAS VENCIDAS<br \/>O minist\u00e9rio da Sa\u00fade informou, em nota (leia mais abaixo) que distribuiu 1,2 milh\u00e3o de doses da vacina contra a covid nesta semana e que concluiu o preg\u00e3o para comprar outras 60 milh\u00f5es. A nota se d\u00e1 em resposta a uma reportagem do jornal Folha de S. Paulo que mostra que 4,2 milh\u00f5es de doses da vacina da Moderna, que est\u00e3o no estoque da Sa\u00fade, est\u00e3o vencidas. Os insumos ser\u00e3o trocados pelo laborat\u00f3rio.\n<\/p>\n<p>MORTES PROPORCIONAIS<br \/>O Brasil registra 3.358 mortes por milh\u00e3o. Dentre as unidades da Federa\u00e7\u00e3o, a pior situa\u00e7\u00e3o \u00e9 a do Rio de Janeiro, com 4.542 v\u00edtimas por milh\u00e3o. As taxas consideram o n\u00famero de mortes confirmadas pelo Conass e os dados populacionais do IBGE (Instituto Brasileiro de Geografia e Estat\u00edstica) em cada unidade da Federa\u00e7\u00e3o.\n<\/p>\n<p>RANKING MUNDIAL DE COVID<br \/>O Brasil ocupa a 19\u00aa posi\u00e7\u00e3o do ranking mundial de mortes proporcionais pela covid-19. A lista \u00e9 liderada pelo Peru, com 6.601 mortes por milh\u00e3o. \u00c9 seguido por Bulg\u00e1ria (5.674), Maced\u00f4nia do Norte (5.428) e B\u00f3snia e Herzegovina (5.117).\n<\/p>\n<p>Os Estados Unidos lideram em n\u00famero absoluto de mortos pela doen\u00e7a. Ao todo, foram registradas 1.203.648 mortes por covid-19 no pa\u00eds desde fevereiro de 2020, segundo dados do Our World in Data, atualizados at\u00e9 6 de outubro de 2024.\n<\/p>\n<p>O ranking de mortes proporcionais (abaixo) deve ser lido com cautela, j\u00e1 que h\u00e1 alta subnotifica\u00e7\u00e3o das mortes pela doen\u00e7a e, em alguns pa\u00edses, a subnotifica\u00e7\u00e3o \u00e9 maior do que em outros.\n<\/p>\n<p>Estudo publicado na revista Lancet em 2022 mostra que, embora a contagem oficial dos pa\u00edses mostrasse 6 milh\u00f5es de mortes, a estimativa mais precisa \u00e9 de que 18 milh\u00f5es de vidas foram retiradas pela covid-19 em 2020 e 2021.\n<\/p>\n<p>A \u00cdndia, por exemplo, \u00e9 conhecida pela sua subnotifica\u00e7\u00e3o. A contagem do Our World in Data mostra 533.648 mortos at\u00e9 22 de setembro de 2024. O estudo da Lancet, por\u00e9m, estima que mais de 4 milh\u00f5es tenham morrido no pa\u00eds.\n<\/p>\n<p>A China \u00e9 outro pa\u00eds pelo qual n\u00e3o se confia nos dados, assim como Indon\u00e9sia, R\u00fassia e a maioria dos pa\u00edses da \u00c1frica.\n<\/p>\n<p>Fonte: Poder 360 <\/p>\n<\/div>\n<p><br \/>\n<br \/><a href=\"https:\/\/diariodobrasilnoticias.com.br\/noticia\/brasil-tem-14-755-novos-casos-de-covid-6718308f1a539\">Source link <\/a><\/p>","protected":false},"excerpt":{"rendered":"<p>O Conass (Conselho Nacional de Secret\u00e1rios de Sa\u00fade) informou que foram contabilizados 14.755 novos casos de covid na \u00faltima semana epidemiol\u00f3gica (6.out-12.out). No per\u00edodo anterior, foram 5.663 novos cont\u00e1gios. No&hellip;<\/p>","protected":false},"author":1,"featured_media":51020,"comment_status":"closed","ping_status":"open","sticky":false,"template":"","format":"standard","meta":{"content-type":"","footnotes":""},"categories":[16],"tags":[123,2448,5313,1267],"class_list":["post-51019","post","type-post","status-publish","format-standard","has-post-thumbnail","hentry","category-noticias","tag-brasil","tag-diario","tag-noticia","tag-noticias"],"_links":{"self":[{"href":"https:\/\/tvbrazilusa.com\/pt\/wp-json\/wp\/v2\/posts\/51019","targetHints":{"allow":["GET"]}}],"collection":[{"href":"https:\/\/tvbrazilusa.com\/pt\/wp-json\/wp\/v2\/posts"}],"about":[{"href":"https:\/\/tvbrazilusa.com\/pt\/wp-json\/wp\/v2\/types\/post"}],"author":[{"embeddable":true,"href":"https:\/\/tvbrazilusa.com\/pt\/wp-json\/wp\/v2\/users\/1"}],"replies":[{"embeddable":true,"href":"https:\/\/tvbrazilusa.com\/pt\/wp-json\/wp\/v2\/comments?post=51019"}],"version-history":[{"count":1,"href":"https:\/\/tvbrazilusa.com\/pt\/wp-json\/wp\/v2\/posts\/51019\/revisions"}],"predecessor-version":[{"id":51021,"href":"https:\/\/tvbrazilusa.com\/pt\/wp-json\/wp\/v2\/posts\/51019\/revisions\/51021"}],"wp:featuredmedia":[{"embeddable":true,"href":"https:\/\/tvbrazilusa.com\/pt\/wp-json\/wp\/v2\/media\/51020"}],"wp:attachment":[{"href":"https:\/\/tvbrazilusa.com\/pt\/wp-json\/wp\/v2\/media?parent=51019"}],"wp:term":[{"taxonomy":"category","embeddable":true,"href":"https:\/\/tvbrazilusa.com\/pt\/wp-json\/wp\/v2\/categories?post=51019"},{"taxonomy":"post_tag","embeddable":true,"href":"https:\/\/tvbrazilusa.com\/pt\/wp-json\/wp\/v2\/tags?post=51019"}],"curies":[{"name":"wp","href":"https:\/\/api.w.org\/{rel}","templated":true}]}}