{"id":51066,"date":"2024-10-23T10:48:23","date_gmt":"2024-10-23T10:48:23","guid":{"rendered":"https:\/\/tvbrazilusa.com\/2024\/10\/23\/oposicao-pede-que-policia-federal-investigue-acidente-domestico-de-lula\/"},"modified":"2024-10-23T10:48:24","modified_gmt":"2024-10-23T10:48:24","slug":"oposicao-pede-que-policia-federal-investigue-acidente-domestico-de-lula","status":"publish","type":"post","link":"https:\/\/tvbrazilusa.com\/pt\/2024\/10\/23\/oposicao-pede-que-policia-federal-investigue-acidente-domestico-de-lula\/","title":{"rendered":"Oposi\u00e7\u00e3o pede que Pol\u00edcia Federal investigue \u2018acidente dom\u00e9stico\u2019 de Lula"},"content":{"rendered":"<p> <script async src=\"https:\/\/pagead2.googlesyndication.com\/pagead\/js\/adsbygoogle.js?client=ca-pub-8864793242727901\"\r\n     crossorigin=\"anonymous\"><\/script><br \/>\n<\/p>\n<div id=\"taboola-read-more\" style=\"display:block; width:100%\">\n<p>A queda do presidente Lula, no s\u00e1bado (19), virou um requerimento da oposi\u00e7\u00e3o para que a Pol\u00edcia Federal investigue o que de fato ocorreu, ap\u00f3s as diferentes vers\u00f5es plantadas pelo Planalto.\n<\/p>\n<p>A iniciativa \u00e9 do deputado Evair de Melo (PP-ES), intrigado com a \u201cfalta de clareza\u201d sobre os fatos. \u201cA necessidade de investiga\u00e7\u00e3o detalhada surge a partir de ind\u00edcios de que a comunica\u00e7\u00e3o oficial a respeito do acidente pode ter sido manipulada\u201d, diz o documento \u00e0 dire\u00e7\u00e3o-geral da PF.<\/p>\n<p>Evair de Melo alega ser preciso saber o real estado de sa\u00fade de Lula, al\u00e9m de esclarecer se foi escorreg\u00e3o, p\u00e9 de banco quebrado etc.\n<\/p>\n<p>O deputado cobra investiga\u00e7\u00e3o sobre uso de recursos p\u00fablicos para Lula ser atendido e se tratar no car\u00edssimo S\u00edrio-Liban\u00eas.\u00a0\n<\/p>\n<p>Ainda na tarde desta ter\u00e7a (22), Lula voltou ao S\u00edrio-Liban\u00eas para mais exames. O parlamentar do Progressistas quer repara\u00e7\u00e3o ao er\u00e1rio.\n<\/p>\n<p>\u201cA clareza das informa\u00e7\u00f5es \u00e9 fundamental para a confian\u00e7a da popula\u00e7\u00e3o\u201d, disse Evair, ao cobrar transpar\u00eancia na apura\u00e7\u00e3o.\n<\/p>\n<p>Com informa\u00e7\u00f5es de Di\u00e1rio do Poder\n<\/p>\n<\/div>\n<p><br \/>\n<br \/><a href=\"https:\/\/diariodobrasilnoticias.com.br\/noticia\/oposicao-pede-que-policia-federal-investigue-acidente-domestico-de-lula-6718cd9e5a912\">Source link <\/a><\/p>","protected":false},"excerpt":{"rendered":"<p>A queda do presidente Lula, no s\u00e1bado (19), virou um requerimento da oposi\u00e7\u00e3o para que a Pol\u00edcia Federal investigue o que de fato ocorreu, ap\u00f3s as diferentes vers\u00f5es plantadas pelo&hellip;<\/p>","protected":false},"author":1,"featured_media":51067,"comment_status":"closed","ping_status":"open","sticky":false,"template":"","format":"standard","meta":{"content-type":"","footnotes":""},"categories":[16],"tags":[123,2448,5313,1267],"class_list":["post-51066","post","type-post","status-publish","format-standard","has-post-thumbnail","hentry","category-noticias","tag-brasil","tag-diario","tag-noticia","tag-noticias"],"_links":{"self":[{"href":"https:\/\/tvbrazilusa.com\/pt\/wp-json\/wp\/v2\/posts\/51066","targetHints":{"allow":["GET"]}}],"collection":[{"href":"https:\/\/tvbrazilusa.com\/pt\/wp-json\/wp\/v2\/posts"}],"about":[{"href":"https:\/\/tvbrazilusa.com\/pt\/wp-json\/wp\/v2\/types\/post"}],"author":[{"embeddable":true,"href":"https:\/\/tvbrazilusa.com\/pt\/wp-json\/wp\/v2\/users\/1"}],"replies":[{"embeddable":true,"href":"https:\/\/tvbrazilusa.com\/pt\/wp-json\/wp\/v2\/comments?post=51066"}],"version-history":[{"count":1,"href":"https:\/\/tvbrazilusa.com\/pt\/wp-json\/wp\/v2\/posts\/51066\/revisions"}],"predecessor-version":[{"id":51068,"href":"https:\/\/tvbrazilusa.com\/pt\/wp-json\/wp\/v2\/posts\/51066\/revisions\/51068"}],"wp:featuredmedia":[{"embeddable":true,"href":"https:\/\/tvbrazilusa.com\/pt\/wp-json\/wp\/v2\/media\/51067"}],"wp:attachment":[{"href":"https:\/\/tvbrazilusa.com\/pt\/wp-json\/wp\/v2\/media?parent=51066"}],"wp:term":[{"taxonomy":"category","embeddable":true,"href":"https:\/\/tvbrazilusa.com\/pt\/wp-json\/wp\/v2\/categories?post=51066"},{"taxonomy":"post_tag","embeddable":true,"href":"https:\/\/tvbrazilusa.com\/pt\/wp-json\/wp\/v2\/tags?post=51066"}],"curies":[{"name":"wp","href":"https:\/\/api.w.org\/{rel}","templated":true}]}}