{"id":5108,"date":"2023-05-12T22:00:35","date_gmt":"2023-05-12T22:00:35","guid":{"rendered":"https:\/\/tvbrazilusa.com\/2023\/05\/12\/a-reacao-esta-comecando-paulo-figueiredo-denuncia-a-censura-em-audiencia-publica-na-camara\/"},"modified":"2023-05-12T22:00:35","modified_gmt":"2023-05-12T22:00:35","slug":"a-reacao-esta-comecando-paulo-figueiredo-denuncia-a-censura-em-audiencia-publica-na-camara","status":"publish","type":"post","link":"https:\/\/tvbrazilusa.com\/pt\/2023\/05\/12\/a-reacao-esta-comecando-paulo-figueiredo-denuncia-a-censura-em-audiencia-publica-na-camara\/","title":{"rendered":"A REA\u00c7\u00c3O EST\u00c1 COME\u00c7ANDO! &#8211; Paulo Figueiredo Denuncia a Censura em Audi\u00eancia P\u00fablica na C\u00e2mara"},"content":{"rendered":"<p><iframe  width=\"580\" height=\"385\" src=\"https:\/\/www.youtube.com\/embed\/yzaD72mQa-U?modestbranding=1\" frameborder=\"0\" allowfullscreen><\/iframe><br \/>\n<br \/>Comunidade do Locals Paulo Figueiredo: &#8211;<\/p>\n<p>Comunidade do Locals do Rodrigo Constantino: &#8211;<\/p>\n<p>Siga-me tamb\u00e9m no Rumble: &#8211;<\/p>\n<p>Conhe\u00e7a os meus cursos e me siga nas redes sociais: &#8211;<\/p>\n<p>#euabr #euabrasil #politicaamericana #direita #california #brasil #politicaeua #acaradariqueza #bolsonaro #santabarbara #politicadireita #bolsonaro2018 #bolsonaropresidente #conservador #bolsonaropresidente2018 #mito #politica #bolsas #jairbolsonaro #reenvioparavoc\u00ea #elesim #reenviodecompras #elei\u00e7\u00f5es2018 #redirecionamento #eduardobolsonaro #liberdadedeexpressao #jornalismo #jovempan #politicainternacional #brasileirosnoseua<br \/>\n<br \/><a href=\"https:\/\/www.youtube.com\/watch?v=yzaD72mQa-U\">source<\/a><\/p>","protected":false},"excerpt":{"rendered":"<p>Comunidade do Locals Paulo Figueiredo: &#8211; Comunidade do Locals do Rodrigo Constantino: &#8211; Siga-me tamb\u00e9m no Rumble: &#8211; Conhe\u00e7a os meus cursos e me siga nas redes sociais: &#8211; #euabr&hellip;<\/p>","protected":false},"author":1,"featured_media":5109,"comment_status":"","ping_status":"open","sticky":false,"template":"","format":"standard","meta":{"content-type":"","footnotes":""},"categories":[18],"tags":[],"class_list":["post-5108","post","type-post","status-publish","format-standard","has-post-thumbnail","hentry","category-paulo-figueiredo"],"_links":{"self":[{"href":"https:\/\/tvbrazilusa.com\/pt\/wp-json\/wp\/v2\/posts\/5108","targetHints":{"allow":["GET"]}}],"collection":[{"href":"https:\/\/tvbrazilusa.com\/pt\/wp-json\/wp\/v2\/posts"}],"about":[{"href":"https:\/\/tvbrazilusa.com\/pt\/wp-json\/wp\/v2\/types\/post"}],"author":[{"embeddable":true,"href":"https:\/\/tvbrazilusa.com\/pt\/wp-json\/wp\/v2\/users\/1"}],"replies":[{"embeddable":true,"href":"https:\/\/tvbrazilusa.com\/pt\/wp-json\/wp\/v2\/comments?post=5108"}],"version-history":[{"count":0,"href":"https:\/\/tvbrazilusa.com\/pt\/wp-json\/wp\/v2\/posts\/5108\/revisions"}],"wp:featuredmedia":[{"embeddable":true,"href":"https:\/\/tvbrazilusa.com\/pt\/wp-json\/wp\/v2\/media\/5109"}],"wp:attachment":[{"href":"https:\/\/tvbrazilusa.com\/pt\/wp-json\/wp\/v2\/media?parent=5108"}],"wp:term":[{"taxonomy":"category","embeddable":true,"href":"https:\/\/tvbrazilusa.com\/pt\/wp-json\/wp\/v2\/categories?post=5108"},{"taxonomy":"post_tag","embeddable":true,"href":"https:\/\/tvbrazilusa.com\/pt\/wp-json\/wp\/v2\/tags?post=5108"}],"curies":[{"name":"wp","href":"https:\/\/api.w.org\/{rel}","templated":true}]}}