{"id":5110,"date":"2024-07-21T16:00:00","date_gmt":"2024-07-21T16:00:00","guid":{"rendered":"https:\/\/tvbrazilusa.com\/2024\/07\/21\/concurso-publico-ibama-abre-260-vagas-para-analistas\/"},"modified":"2024-07-21T16:16:18","modified_gmt":"2024-07-21T16:16:18","slug":"concurso-publico-ibama-abre-260-vagas-para-analistas","status":"publish","type":"post","link":"https:\/\/tvbrazilusa.com\/pt\/2024\/07\/21\/concurso-publico-ibama-abre-260-vagas-para-analistas\/","title":{"rendered":"Concurso p\u00fablico: IBAMA abre 260 vagas para analistas"},"content":{"rendered":"<p> <script async src=\"https:\/\/pagead2.googlesyndication.com\/pagead\/js\/adsbygoogle.js?client=ca-pub-8864793242727901\"\r\n     crossorigin=\"anonymous\"><\/script><br \/>\n<\/p>\n<div>\n<p>O Minist\u00e9rio da Gest\u00e3o e da Inova\u00e7\u00e3o em Servi\u00e7os P\u00fablicos (MGI) recentemente deu um grande passo para o fortalecimento da gest\u00e3o ambiental no Brasil. Com a libera\u00e7\u00e3o de 260 vagas para o Instituto Brasileiro do Meio Ambiente e dos Recursos Naturais Renov\u00e1veis (IBAMA), espera-se intensificar as opera\u00e7\u00f5es do \u00f3rg\u00e3o no controle e conserva\u00e7\u00e3o ambiental em todo territ\u00f3rio nacional.<\/p>\n<p>Estas vagas s\u00e3o divididas igualmente entre as fun\u00e7\u00f5es de <strong>Analista Administrativo<\/strong> e <strong>Analista Ambiental<\/strong>, disponibilizando 130 oportunidades para cada \u00e1rea. Esta a\u00e7\u00e3o \u00e9 uma chamada estrat\u00e9gica para atrair profissionais altamente qualificados e dedicados \u00e0 causa ambiental, considerando o papel fundamental do IBAMA na promo\u00e7\u00e3o de um futuro mais sustent\u00e1vel.<\/p>\n<h2>Quais s\u00e3o os cargos oferecidos no novo concurso do IBAMA?<\/h2>\n<p>O concurso destina-se a selecionar especialistas comprometidos com a efici\u00eancia administrativa e com a conserva\u00e7\u00e3o do meio ambiente. Para a fun\u00e7\u00e3o de <strong>Analista Administrativo<\/strong>, busca-se profissionais com forma\u00e7\u00e3o superior e habilidades consolidadas em gest\u00e3o e administra\u00e7\u00e3o p\u00fablica, visando melhorar os processos internos do \u00f3rg\u00e3o.<\/p>\n<h2>Como se inscrever e participar do concurso do IBAMA?<\/h2>\n<p>O processo de sele\u00e7\u00e3o ser\u00e1 completamente gerenciado pelo IBAMA, desde a elabora\u00e7\u00e3o dos editais at\u00e9 a realiza\u00e7\u00e3o dos exames. Ser\u00e3o obedecidas rigorosamente todas as normativas legais, incluindo as pol\u00edticas de reserva de vagas para garantir um processo transparente e equitativo para todos os candidatos.<\/p>\n<h2>Qual \u00e9 o cronograma previsto para o concurso do IBAMA?<\/h2>\n<p>De acordo com o MGI, o edital de abertura est\u00e1 programado para ser lan\u00e7ado no prazo de seis meses ap\u00f3s a autoriza\u00e7\u00e3o do concurso. Ap\u00f3s a publica\u00e7\u00e3o do edital, os candidatos ter\u00e3o, pelo menos, dois meses para se prepararem antes da realiza\u00e7\u00e3o das provas, assegurando assim suficiente tempo para um bom preparo.<\/p>\n<p>A expectativa \u00e9 que essa iniciativa atraia um grande n\u00famero de interessados, devido ao aumento da necessidade de profissionais capacitados para atuar na conserva\u00e7\u00e3o e gest\u00e3o dos recursos naturais. Al\u00e9m da possibilidade de estabilidade empregat\u00edcia, as vagas tamb\u00e9m representam uma chance de contribuir decisivamente para a pol\u00edticas ambientais do pa\u00eds.<\/p>\n<h2>Dicas para candidatos \u00e0 carreira no IBAMA<\/h2>\n<ul>\n<li style=\"list-style-type: none;\">\n<ul>\n<li>Verifique todos os requisitos e condi\u00e7\u00f5es listados no edital cuidadosamente.<\/li>\n<\/ul>\n<\/li>\n<\/ul>\n<ul>\n<li style=\"list-style-type: none;\">\n<ul>\n<li>Prepare-se acad\u00eamica e profissionalmente focando nas \u00e1reas de conhecimento pertinentes aos cargos de seu interesse.<\/li>\n<\/ul>\n<\/li>\n<\/ul>\n<ul>\n<li style=\"list-style-type: none;\">\n<ul>\n<li>Organize seus documentos e mantenha-se atento aos prazos estabelecidos para a inscri\u00e7\u00e3o e demais etapas do concurso.<\/li>\n<\/ul>\n<\/li>\n<\/ul>\n<p>Este concurso n\u00e3o s\u00f3 refor\u00e7a o papel do IBAMA na prote\u00e7\u00e3o ambiental mas tamb\u00e9m oferece oportunidades valiosas para aqueles que desejam impactar positivamente o meio ambiente e a sociedade brasileira.<\/p>\n<\/p><\/div>\n<p><br \/>\n<br \/><a href=\"https:\/\/terrabrasilnoticias.com\/2024\/07\/concurso-publico-ibama-abre-260-vagas-para-analistas\/\">Source link <\/a><\/p>","protected":false},"excerpt":{"rendered":"<p>O Minist\u00e9rio da Gest\u00e3o e da Inova\u00e7\u00e3o em Servi\u00e7os P\u00fablicos (MGI) recentemente deu um grande passo para o fortalecimento da gest\u00e3o ambiental no Brasil. Com a libera\u00e7\u00e3o de 260 vagas&hellip;<\/p>","protected":false},"author":1,"featured_media":4603,"comment_status":"closed","ping_status":"open","sticky":false,"template":"","format":"standard","meta":{"content-type":"","footnotes":""},"categories":[16],"tags":[],"class_list":["post-5110","post","type-post","status-publish","format-standard","has-post-thumbnail","hentry","category-noticias"],"_links":{"self":[{"href":"https:\/\/tvbrazilusa.com\/pt\/wp-json\/wp\/v2\/posts\/5110","targetHints":{"allow":["GET"]}}],"collection":[{"href":"https:\/\/tvbrazilusa.com\/pt\/wp-json\/wp\/v2\/posts"}],"about":[{"href":"https:\/\/tvbrazilusa.com\/pt\/wp-json\/wp\/v2\/types\/post"}],"author":[{"embeddable":true,"href":"https:\/\/tvbrazilusa.com\/pt\/wp-json\/wp\/v2\/users\/1"}],"replies":[{"embeddable":true,"href":"https:\/\/tvbrazilusa.com\/pt\/wp-json\/wp\/v2\/comments?post=5110"}],"version-history":[{"count":1,"href":"https:\/\/tvbrazilusa.com\/pt\/wp-json\/wp\/v2\/posts\/5110\/revisions"}],"predecessor-version":[{"id":5111,"href":"https:\/\/tvbrazilusa.com\/pt\/wp-json\/wp\/v2\/posts\/5110\/revisions\/5111"}],"wp:featuredmedia":[{"embeddable":true,"href":"https:\/\/tvbrazilusa.com\/pt\/wp-json\/wp\/v2\/media\/4603"}],"wp:attachment":[{"href":"https:\/\/tvbrazilusa.com\/pt\/wp-json\/wp\/v2\/media?parent=5110"}],"wp:term":[{"taxonomy":"category","embeddable":true,"href":"https:\/\/tvbrazilusa.com\/pt\/wp-json\/wp\/v2\/categories?post=5110"},{"taxonomy":"post_tag","embeddable":true,"href":"https:\/\/tvbrazilusa.com\/pt\/wp-json\/wp\/v2\/tags?post=5110"}],"curies":[{"name":"wp","href":"https:\/\/api.w.org\/{rel}","templated":true}]}}