{"id":51107,"date":"2024-10-23T13:59:20","date_gmt":"2024-10-23T13:59:20","guid":{"rendered":"https:\/\/tvbrazilusa.com\/2024\/10\/23\/sus-tem-estoques-zerados-apos-governo-lula-reduzir-entregas-de-vacinas-da-covid\/"},"modified":"2024-10-23T13:59:21","modified_gmt":"2024-10-23T13:59:21","slug":"sus-tem-estoques-zerados-apos-governo-lula-reduzir-entregas-de-vacinas-da-covid","status":"publish","type":"post","link":"https:\/\/tvbrazilusa.com\/pt\/2024\/10\/23\/sus-tem-estoques-zerados-apos-governo-lula-reduzir-entregas-de-vacinas-da-covid\/","title":{"rendered":"SUS tem estoques zerados ap\u00f3s governo Lula reduzir entregas de vacinas da Covid"},"content":{"rendered":"<p> <script async src=\"https:\/\/pagead2.googlesyndication.com\/pagead\/js\/adsbygoogle.js?client=ca-pub-8864793242727901\"\r\n     crossorigin=\"anonymous\"><\/script><br \/>\n<\/p>\n<div id=\"taboola-read-more\" style=\"display:block; width:100%\">\n<p>Lula (PT) perder imunizantes pelo fim da validade e reduzir entregas de doses a estados e munic\u00edpios. Todas as 17 unidades da federa\u00e7\u00e3o que responderam \u00e0 Folha sobre a oferta de imunizantes apontaram falta total de doses ou estoques praticamente zerados.<br \/>A escassez ainda \u00e9 maior para o modelo destinado ao p\u00fablico com menos de 12 anos. O governo do Rio Grande do Sul afirmou que n\u00e3o recebe esse tipo de vacina desde junho, enquanto Santa Catarina, Minas Gerais e Cear\u00e1 disseram que o Minist\u00e9rio da Sa\u00fade enviou em julho o \u00faltimo lote para crian\u00e7as.\n<\/p>\n<p>A pasta comandada por N\u00edsia Trindade disse que far\u00e1 novas entregas nesta semana, mas n\u00e3o confirmou o cronograma nem quantas doses cada estado ir\u00e1 receber.<br \/>Tamb\u00e9m relataram escassez de vacinas os governos de S\u00e3o Paulo, Rio de Janeiro, Amazonas, Tocantins, Esp\u00edrito Santo, Roraima, Pernambuco, Distrito Federal, Goi\u00e1s e Maranh\u00e3o.<\/p>\n<p>Paran\u00e1 e Mato Grosso do Sul disseram que, al\u00e9m da falta de estoque estadual, todos os munic\u00edpios est\u00e3o sem vacinas. O governo da Para\u00edba afirmou que recebeu imunizantes em setembro e repassou \u00e0s prefeituras, mas que todas as doses tinham validade at\u00e9 18 de outubro.\n<\/p>\n<p>O desabastecimento se repete nos munic\u00edpios. Rio de Janeiro, Belo Horizonte, Porto Alegre, Goi\u00e2nia, Salvador e Recife afirmaram que n\u00e3o t\u00eam doses dispon\u00edveis para nenhuma idade. Fortaleza declarou que tem vacinas somente ao p\u00fablico adulto.\n<\/p>\n<p>O governo municipal de S\u00e3o Paulo afirmou que recebeu o \u00faltimo lote em setembro e &#8220;aguarda novas doses&#8221; do Minist\u00e9rio da Sa\u00fade, mas n\u00e3o confirmou quantas vacinas est\u00e3o dispon\u00edveis na capital.\n<\/p>\n<p>O site De Olho na Fila, mantido pela prefeitura, por\u00e9m, indica falta de vacinas da Covid na cidade de S\u00e3o Paulo. Nenhum posto localizado no centro da capital tem doses dispon\u00edveis, segundo atualiza\u00e7\u00e3o desta terca-feira (22) no sistema.\n<\/p>\n<p>A falta de doses ocorre no ano em que o governo inseriu as vacinas da Covid-19 no calend\u00e1rio infantil.<br \/>O minist\u00e9rio ainda planejava entregar 70 milh\u00f5es de doses atualizadas neste ano, mas at\u00e9 o momento repassou cerca de 8 milh\u00f5es de vacinas da Moderna adaptadas \u00e0 variante XBB. Dados do minist\u00e9rio apontam aplica\u00e7\u00e3o de cerca de 3,1 milh\u00f5es desses imunizantes.\n<\/p>\n<p>Fonte: Folha de S. paulo <\/p>\n<\/div>\n<p><br \/>\n<br \/><a href=\"https:\/\/diariodobrasilnoticias.com.br\/noticia\/sus-tem-estoques-zerados-apos-governo-lula-reduzir-entregas-de-vacinas-da-covid-6718e33e014c4\">Source link <\/a><\/p>","protected":false},"excerpt":{"rendered":"<p>Lula (PT) perder imunizantes pelo fim da validade e reduzir entregas de doses a estados e munic\u00edpios. Todas as 17 unidades da federa\u00e7\u00e3o que responderam \u00e0 Folha sobre a oferta&hellip;<\/p>","protected":false},"author":1,"featured_media":51108,"comment_status":"closed","ping_status":"open","sticky":false,"template":"","format":"standard","meta":{"content-type":"","footnotes":""},"categories":[16],"tags":[123,2448,5313,1267],"class_list":["post-51107","post","type-post","status-publish","format-standard","has-post-thumbnail","hentry","category-noticias","tag-brasil","tag-diario","tag-noticia","tag-noticias"],"_links":{"self":[{"href":"https:\/\/tvbrazilusa.com\/pt\/wp-json\/wp\/v2\/posts\/51107","targetHints":{"allow":["GET"]}}],"collection":[{"href":"https:\/\/tvbrazilusa.com\/pt\/wp-json\/wp\/v2\/posts"}],"about":[{"href":"https:\/\/tvbrazilusa.com\/pt\/wp-json\/wp\/v2\/types\/post"}],"author":[{"embeddable":true,"href":"https:\/\/tvbrazilusa.com\/pt\/wp-json\/wp\/v2\/users\/1"}],"replies":[{"embeddable":true,"href":"https:\/\/tvbrazilusa.com\/pt\/wp-json\/wp\/v2\/comments?post=51107"}],"version-history":[{"count":1,"href":"https:\/\/tvbrazilusa.com\/pt\/wp-json\/wp\/v2\/posts\/51107\/revisions"}],"predecessor-version":[{"id":51109,"href":"https:\/\/tvbrazilusa.com\/pt\/wp-json\/wp\/v2\/posts\/51107\/revisions\/51109"}],"wp:featuredmedia":[{"embeddable":true,"href":"https:\/\/tvbrazilusa.com\/pt\/wp-json\/wp\/v2\/media\/51108"}],"wp:attachment":[{"href":"https:\/\/tvbrazilusa.com\/pt\/wp-json\/wp\/v2\/media?parent=51107"}],"wp:term":[{"taxonomy":"category","embeddable":true,"href":"https:\/\/tvbrazilusa.com\/pt\/wp-json\/wp\/v2\/categories?post=51107"},{"taxonomy":"post_tag","embeddable":true,"href":"https:\/\/tvbrazilusa.com\/pt\/wp-json\/wp\/v2\/tags?post=51107"}],"curies":[{"name":"wp","href":"https:\/\/api.w.org\/{rel}","templated":true}]}}