{"id":51122,"date":"2024-10-23T14:49:31","date_gmt":"2024-10-23T14:49:31","guid":{"rendered":"https:\/\/tvbrazilusa.com\/2024\/10\/23\/urgente-atirador-de-novo-hamburgo-morre-apos-mais-de-9-horas-de-cerco-policial\/"},"modified":"2024-10-23T14:49:31","modified_gmt":"2024-10-23T14:49:31","slug":"urgente-atirador-de-novo-hamburgo-morre-apos-mais-de-9-horas-de-cerco-policial","status":"publish","type":"post","link":"https:\/\/tvbrazilusa.com\/pt\/2024\/10\/23\/urgente-atirador-de-novo-hamburgo-morre-apos-mais-de-9-horas-de-cerco-policial\/","title":{"rendered":"URGENTE:  Atirador de Novo Hamburgo morre ap\u00f3s mais de 9 horas de cerco policial"},"content":{"rendered":"<p> <script async src=\"https:\/\/pagead2.googlesyndication.com\/pagead\/js\/adsbygoogle.js?client=ca-pub-8864793242727901\"\r\n     crossorigin=\"anonymous\"><\/script><br \/>\n<\/p>\n<div id=\"taboola-read-more\" style=\"display:block; width:100%\">\n<p>Ap\u00f3s pouco mais de nove horas de cerco policial, na manh\u00e3 desta quarta-feira (23), agentes de seguran\u00e7a do Rio Grande do Sul afirmaram que o atirador de Novo Hamburgo, na regi\u00e3o metropolitana de Porto Alegre, est\u00e1 morto. A informa\u00e7\u00e3o foi confirmada pelo tenente-coronel Alexandro Famoso, da Brigada Militar do estado.\n<\/p>\n<p>O militar n\u00e3o informou a natureza do \u00f3bito do suspeito.<\/p>\n<p>O policiamento foi acionado por volta das 23h de ontem (22). O homem atirou contra diversas pessoas do interior de sua resid\u00eancia.\n<\/p>\n<p>At\u00e9 o momento, tr\u00eas pessoas morreram e 9 ficaram feridas. Entre as v\u00edtimas fatais, est\u00e3o o policial militar Everton Raniere Kirsch Junior e o pai do suspeito, identificado como Eugenio Crippa, de 74 anos.\n<\/p>\n<p><a href=\"https:\/\/www.cnnbrasil.com.br\/nacional\/nao-quero-morrer-disse-agente-baleado-por-atirador-em-novo-hamburgo-rs\/\">Os feridos s\u00e3o seis policias<\/a>, e familiares do criminoso.\n<\/p>\n<p>Informa\u00e7\u00f5es preliminares divulgadas pelas autoridades indicam que\u00a0<a href=\"https:\/\/www.cnnbrasil.com.br\/nacional\/pai-morto-por-atirador-em-novo-hamburgo-denunciou-maus-tratos-diz-militar\/\">um desentendimento familiar ocasionou a confus\u00e3o<\/a>.\n<\/p>\n<p>O local est\u00e1 isolado por seguran\u00e7a. Vizinhos foram retirados da \u00e1rea, pois o homem segue no interior da casa e pode efetuar novos disparos.\n<\/p>\n<p>Segundo Gilson Amaral, da Guarda Civil Municipal, o atirador utiliza um fuzil .40. Ele chegou a abater dois drones que eram utilizados por autoridades na regi\u00e3o.\n<\/p>\n<p>Fonte: CNN Brasil\n<\/p>\n<p>O GCM afirma que a a\u00e7\u00e3o das for\u00e7as de seguran\u00e7a exige cautela \u201cpara que a a\u00e7\u00e3o seja cir\u00fargica. Situa\u00e7\u00e3o que passa um filme na cabe\u00e7a\u201d <\/p>\n<\/div>\n<p><br \/>\n<br \/><a href=\"https:\/\/diariodobrasilnoticias.com.br\/noticia\/urgente-atirador-de-novo-hamburgo-morre-apos-mais-de-9-horas-de-cerco-policial-6718f17cbb3e9\">Source link <\/a><\/p>","protected":false},"excerpt":{"rendered":"<p>Ap\u00f3s pouco mais de nove horas de cerco policial, na manh\u00e3 desta quarta-feira (23), agentes de seguran\u00e7a do Rio Grande do Sul afirmaram que o atirador de Novo Hamburgo, na&hellip;<\/p>","protected":false},"author":1,"featured_media":51123,"comment_status":"closed","ping_status":"open","sticky":false,"template":"","format":"standard","meta":{"content-type":"","footnotes":""},"categories":[16],"tags":[123,2448,5313,1267],"class_list":["post-51122","post","type-post","status-publish","format-standard","has-post-thumbnail","hentry","category-noticias","tag-brasil","tag-diario","tag-noticia","tag-noticias"],"_links":{"self":[{"href":"https:\/\/tvbrazilusa.com\/pt\/wp-json\/wp\/v2\/posts\/51122","targetHints":{"allow":["GET"]}}],"collection":[{"href":"https:\/\/tvbrazilusa.com\/pt\/wp-json\/wp\/v2\/posts"}],"about":[{"href":"https:\/\/tvbrazilusa.com\/pt\/wp-json\/wp\/v2\/types\/post"}],"author":[{"embeddable":true,"href":"https:\/\/tvbrazilusa.com\/pt\/wp-json\/wp\/v2\/users\/1"}],"replies":[{"embeddable":true,"href":"https:\/\/tvbrazilusa.com\/pt\/wp-json\/wp\/v2\/comments?post=51122"}],"version-history":[{"count":1,"href":"https:\/\/tvbrazilusa.com\/pt\/wp-json\/wp\/v2\/posts\/51122\/revisions"}],"predecessor-version":[{"id":51124,"href":"https:\/\/tvbrazilusa.com\/pt\/wp-json\/wp\/v2\/posts\/51122\/revisions\/51124"}],"wp:featuredmedia":[{"embeddable":true,"href":"https:\/\/tvbrazilusa.com\/pt\/wp-json\/wp\/v2\/media\/51123"}],"wp:attachment":[{"href":"https:\/\/tvbrazilusa.com\/pt\/wp-json\/wp\/v2\/media?parent=51122"}],"wp:term":[{"taxonomy":"category","embeddable":true,"href":"https:\/\/tvbrazilusa.com\/pt\/wp-json\/wp\/v2\/categories?post=51122"},{"taxonomy":"post_tag","embeddable":true,"href":"https:\/\/tvbrazilusa.com\/pt\/wp-json\/wp\/v2\/tags?post=51122"}],"curies":[{"name":"wp","href":"https:\/\/api.w.org\/{rel}","templated":true}]}}