{"id":51165,"date":"2024-10-23T16:46:45","date_gmt":"2024-10-23T16:46:45","guid":{"rendered":"https:\/\/tvbrazilusa.com\/2024\/10\/23\/escolhas-de-artes-25-a-27-de-outubro-jacksonville-hoje\/"},"modified":"2024-10-23T16:52:48","modified_gmt":"2024-10-23T16:52:48","slug":"escolhas-de-artes-25-a-27-de-outubro-jacksonville-hoje","status":"publish","type":"post","link":"https:\/\/tvbrazilusa.com\/pt\/2024\/10\/23\/escolhas-de-artes-25-a-27-de-outubro-jacksonville-hoje\/","title":{"rendered":"ESCOLHAS DE ARTES | 25 a 27 de outubro | Jacksonville hoje"},"content":{"rendered":"<p> <script async src=\"https:\/\/pagead2.googlesyndication.com\/pagead\/js\/adsbygoogle.js?client=ca-pub-8864793242727901\"\r\n     crossorigin=\"anonymous\"><\/script><br \/>\n<\/p>\n<div>\n<p><em>O editor de artes e cultura do Jacksonville Today, Matt Shaw, compartilha suas escolhas art\u00edsticas e culturais para o fim de semana.<\/em><\/p>\n<div class=\"wp-block-image\">\n<figure class=\"aligncenter size-large\"><\/figure>\n<\/div>\n<p><strong>Sexta-feira<\/strong><\/p>\n<p><strong>Conrad Tao: Fen\u00f4meno do Piano <\/strong><\/p>\n<p><strong>Sala Sinf\u00f4nica Jacoby | Centro de Jacksonville<\/strong><\/p>\n<p>Um maestro para a era milenar, o pianista Conrad Tao regressa \u00e0 Orquestra Sinf\u00f3nica de Jacksonville para a sua primeira apresenta\u00e7\u00e3o na Coffee Series, fazendo c\u00f3cegas nos marfins do consagrado Steinway da sinfonia, interpretando obras de Rachmaninoff e Tchaikovsky. Show come\u00e7a \u00e0s 11h <a href=\"https:\/\/my.jaxsymphony.org\/tao-piano-phenom-coffee\" rel=\"nofollow noopener\" target=\"_blank\">Ingressos e mais informa\u00e7\u00f5es<\/a>. <\/p>\n<hr class=\"wp-block-separator has-alpha-channel-opacity\"\/>\n<div class=\"wp-block-image\">\n<figure class=\"aligncenter size-full\"><img loading=\"lazy\" color=\"6b4b60\" transparency=\"false\" style=\"--dominant-color: #6b4b60;\" decoding=\"async\" width=\"1000\" height=\"564\" src=\"https:\/\/jaxtoday.org\/wp-content\/uploads\/2024\/10\/9fd43df3-d2e7-8c21-29f4-ab443c8e0d14.jpg\" alt=\"\" class=\"not-transparent wp-image-79540 wpsmartcrop-image\" srcset=\"https:\/\/jaxtoday.org\/wp-content\/uploads\/2024\/10\/9fd43df3-d2e7-8c21-29f4-ab443c8e0d14.jpg 1000w, https:\/\/jaxtoday.org\/wp-content\/uploads\/2024\/10\/9fd43df3-d2e7-8c21-29f4-ab443c8e0d14-300x169.jpg 300w, https:\/\/jaxtoday.org\/wp-content\/uploads\/2024\/10\/9fd43df3-d2e7-8c21-29f4-ab443c8e0d14-768x433.jpg 768w, https:\/\/jaxtoday.org\/wp-content\/uploads\/2024\/10\/9fd43df3-d2e7-8c21-29f4-ab443c8e0d14-800x450.jpg 800w, https:\/\/jaxtoday.org\/wp-content\/uploads\/2024\/10\/9fd43df3-d2e7-8c21-29f4-ab443c8e0d14-1200x675.jpg 1200w, https:\/\/jaxtoday.org\/wp-content\/uploads\/2024\/10\/9fd43df3-d2e7-8c21-29f4-ab443c8e0d14-426x240.jpg 426w, https:\/\/jaxtoday.org\/wp-content\/uploads\/2024\/10\/9fd43df3-d2e7-8c21-29f4-ab443c8e0d14-100x56.jpg 100w\" sizes=\"auto, (max-width: 1000px) 100vw, 1000px\" data-smartcrop-focus=\"[50,50]\"\/><figcaption class=\"wp-element-caption\">O elenco de \u201cCadillac Crew\u201d do Lumen Repertory Theatre. <\/figcaption><\/figure>\n<\/div>\n<p><strong>Sexta e S\u00e1bado<\/strong><\/p>\n<p><strong>Lumen Repertory Theatre apresenta <em>Tripula\u00e7\u00e3o Cadillac<\/em> <\/strong><\/p>\n<p><strong>Igreja de S\u00e3o Marcos | S\u00e3o Marcos <\/strong><\/p>\n<p>A companhia de teatro regional de Jacksonville, Lumen Repertory, continua sua s\u00e9rie do aclamado dramaturgo Tori Sampson <em>Tripula\u00e7\u00e3o Cadillac<\/em>. A pe\u00e7a, que estreou no Yale Repertory em 2019, segue quatro ativistas dos direitos civis da d\u00e9cada de 1960 \u2013 Rachel, Abby, Dee e Sarah \u2013 navegando pelos limites do seu lugar na sociedade e dentro do pr\u00f3prio movimento de protesto. <a href=\"https:\/\/jaxplays.org\/reviews\/2024\/10\/21\/lumen-repertorys-cadillac-crew-is-a-compelling-call-to-reclaim-forgotten-voices\/\" rel=\"nofollow noopener\" target=\"_blank\">JaxPlays<\/a> afirma que o programa \u00e9 \u201cum apelo convincente para recuperar as vozes esquecidas\u201d das mulheres negras que moldaram o Movimento dos Direitos Civis. Os shows come\u00e7am \u00e0s 19h30 <a href=\"https:\/\/www.lumenrep.org\/shows\/cadillaccrew\" rel=\"nofollow noopener\" target=\"_blank\">Ingressos e mais informa\u00e7\u00f5es<\/a>. <\/p>\n<hr class=\"wp-block-separator has-alpha-channel-opacity\"\/>\n<div class=\"wp-block-image\">\n<figure class=\"aligncenter size-large\"><img loading=\"lazy\" color=\"7e8a8d\" transparency=\"false\" style=\"--dominant-color: #7e8a8d;\" decoding=\"async\" width=\"1024\" height=\"576\" src=\"https:\/\/jaxtoday.org\/wp-content\/uploads\/2024\/10\/Lucas-1024x576.jpg\" alt=\"\" class=\"not-transparent wp-image-79925 wpsmartcrop-image\" srcset=\"https:\/\/jaxtoday.org\/wp-content\/uploads\/2024\/10\/Lucas-1024x576.jpg 1024w, https:\/\/jaxtoday.org\/wp-content\/uploads\/2024\/10\/Lucas-300x169.jpg 300w, https:\/\/jaxtoday.org\/wp-content\/uploads\/2024\/10\/Lucas-768x432.jpg 768w, https:\/\/jaxtoday.org\/wp-content\/uploads\/2024\/10\/Lucas-1536x864.jpg 1536w, https:\/\/jaxtoday.org\/wp-content\/uploads\/2024\/10\/Lucas-800x450.jpg 800w, https:\/\/jaxtoday.org\/wp-content\/uploads\/2024\/10\/Lucas-1200x675.jpg 1200w, https:\/\/jaxtoday.org\/wp-content\/uploads\/2024\/10\/Lucas-427x240.jpg 427w, https:\/\/jaxtoday.org\/wp-content\/uploads\/2024\/10\/Lucas-100x56.jpg 100w, https:\/\/jaxtoday.org\/wp-content\/uploads\/2024\/10\/Lucas-1650x928.jpg 1650w, https:\/\/jaxtoday.org\/wp-content\/uploads\/2024\/10\/Lucas.jpg 1920w\" sizes=\"auto, (max-width: 1024px) 100vw, 1024px\" data-smartcrop-focus=\"[50,50]\"\/><\/figure>\n<\/div>\n<p><strong>S\u00e1bado<\/strong><\/p>\n<p><strong>Lucas Beaufort: pinte conosco <\/strong><\/p>\n<p><strong>Hotel Palmas | Praia Atl\u00e2ntica<\/strong><\/p>\n<p>O artista visual franc\u00eas Lucas Beaufort encerra sua \u00faltima resid\u00eancia no Hotel Palms de Atlantic Beach com uma noite de pintura ao vivo. No s\u00e1bado, como parte do Projeto Puzzle, Beaufort pintar\u00e1 30 telas, que estar\u00e3o \u00e0 venda. <a href=\"https:\/\/jaxmusic.org\/jme\/2022\/06\/art-camp-hotel-palms\/\" rel=\"nofollow noopener\" target=\"_blank\">Leia mais sobre a arte de Beaufort no <em>Experi\u00eancia Musical em Jacksonville<\/em><\/a>. O evento acontece das 18h \u00e0s 21h. A entrada \u00e9 gratuita. <a href=\"https:\/\/shophotelpalms.com\/collections\/art-gallery\/products\/paint-with-us-package-lucas-beaufort\" rel=\"nofollow noopener\" target=\"_blank\">Ingressos e mais informa\u00e7\u00f5es<\/a>. <\/p>\n<hr class=\"wp-block-separator has-alpha-channel-opacity\"\/>\n<div class=\"wp-block-image\">\n<figure class=\"aligncenter size-full\"><img loading=\"lazy\" color=\"554d5e\" transparency=\"false\" style=\"--dominant-color: #554d5e;\" decoding=\"async\" width=\"740\" height=\"740\" src=\"https:\/\/jaxtoday.org\/wp-content\/uploads\/2024\/10\/https___cdn.evbuc_.com_images_830239589_92492465633_1_original.jpg\" alt=\"\" class=\"not-transparent wp-image-79921\" srcset=\"https:\/\/jaxtoday.org\/wp-content\/uploads\/2024\/10\/https___cdn.evbuc_.com_images_830239589_92492465633_1_original.jpg 740w, https:\/\/jaxtoday.org\/wp-content\/uploads\/2024\/10\/https___cdn.evbuc_.com_images_830239589_92492465633_1_original-300x300.jpg 300w, https:\/\/jaxtoday.org\/wp-content\/uploads\/2024\/10\/https___cdn.evbuc_.com_images_830239589_92492465633_1_original-150x150.jpg 150w, https:\/\/jaxtoday.org\/wp-content\/uploads\/2024\/10\/https___cdn.evbuc_.com_images_830239589_92492465633_1_original-240x240.jpg 240w, https:\/\/jaxtoday.org\/wp-content\/uploads\/2024\/10\/https___cdn.evbuc_.com_images_830239589_92492465633_1_original-100x100.jpg 100w\" sizes=\"auto, (max-width: 740px) 100vw, 740px\"\/><\/figure>\n<\/div>\n<p><strong>S\u00e1bado<\/strong><\/p>\n<p><strong>Rede Social Skyway <\/strong><\/p>\n<p><strong>3 esta\u00e7\u00f5es Skyway | Centro de Jacksonville<\/strong><\/p>\n<p>Uma forma verdadeiramente distinta de interagir com o sistema de transporte p\u00fablico do n\u00facleo urbano, o primeiro Skyway Social oferecer\u00e1 tr\u00eas experi\u00eancias apenas para adultos \u2013 exposi\u00e7\u00f5es de arte, m\u00fasica e muito mais \u2013 em tr\u00eas esta\u00e7\u00f5es JTA Skyway diferentes: San Marco, Kings Ave e Central. Um \u00fanico bilhete de US$ 35 d\u00e1 acesso a todos os tr\u00eas, com viagens de monotrilho entre eles. O evento para maiores de 21 anos acontece das 18h \u00e0s 23h  <a href=\"https:\/\/www.eventbrite.com\/e\/skyway-social-presented-by-dailys-tickets-998816626417?aff=oddtdtcreator\" rel=\"nofollow noopener\" target=\"_blank\">Ingressos e mais informa\u00e7\u00f5es<\/a>. <\/p>\n<\/div>\n<p><br \/>\n<br \/><a href=\"https:\/\/jaxtoday.org\/2024\/10\/23\/arts-picks-oct-25-27\/\">Source link <\/a><\/p>","protected":false},"excerpt":{"rendered":"<p>O editor de artes e cultura do Jacksonville Today, Matt Shaw, compartilha suas escolhas art\u00edsticas e culturais para o fim de semana. Sexta-feira Conrad Tao: Fen\u00f4meno do Piano Sala Sinf\u00f4nica&hellip;<\/p>","protected":false},"author":1,"featured_media":51166,"comment_status":"closed","ping_status":"open","sticky":false,"template":"","format":"standard","meta":{"content-type":"","footnotes":""},"categories":[1],"tags":[],"class_list":["post-51165","post","type-post","status-publish","format-standard","has-post-thumbnail","hentry","category-uncategorized"],"_links":{"self":[{"href":"https:\/\/tvbrazilusa.com\/pt\/wp-json\/wp\/v2\/posts\/51165","targetHints":{"allow":["GET"]}}],"collection":[{"href":"https:\/\/tvbrazilusa.com\/pt\/wp-json\/wp\/v2\/posts"}],"about":[{"href":"https:\/\/tvbrazilusa.com\/pt\/wp-json\/wp\/v2\/types\/post"}],"author":[{"embeddable":true,"href":"https:\/\/tvbrazilusa.com\/pt\/wp-json\/wp\/v2\/users\/1"}],"replies":[{"embeddable":true,"href":"https:\/\/tvbrazilusa.com\/pt\/wp-json\/wp\/v2\/comments?post=51165"}],"version-history":[{"count":1,"href":"https:\/\/tvbrazilusa.com\/pt\/wp-json\/wp\/v2\/posts\/51165\/revisions"}],"predecessor-version":[{"id":51167,"href":"https:\/\/tvbrazilusa.com\/pt\/wp-json\/wp\/v2\/posts\/51165\/revisions\/51167"}],"wp:featuredmedia":[{"embeddable":true,"href":"https:\/\/tvbrazilusa.com\/pt\/wp-json\/wp\/v2\/media\/51166"}],"wp:attachment":[{"href":"https:\/\/tvbrazilusa.com\/pt\/wp-json\/wp\/v2\/media?parent=51165"}],"wp:term":[{"taxonomy":"category","embeddable":true,"href":"https:\/\/tvbrazilusa.com\/pt\/wp-json\/wp\/v2\/categories?post=51165"},{"taxonomy":"post_tag","embeddable":true,"href":"https:\/\/tvbrazilusa.com\/pt\/wp-json\/wp\/v2\/tags?post=51165"}],"curies":[{"name":"wp","href":"https:\/\/api.w.org\/{rel}","templated":true}]}}