{"id":5117,"date":"2024-07-21T16:29:15","date_gmt":"2024-07-21T16:29:15","guid":{"rendered":"https:\/\/tvbrazilusa.com\/2024\/07\/21\/silvio-santos-recebe-alta-de-hospital-confirma-assessoria\/"},"modified":"2024-07-21T16:30:34","modified_gmt":"2024-07-21T16:30:34","slug":"silvio-santos-recebe-alta-de-hospital-confirma-assessoria","status":"publish","type":"post","link":"https:\/\/tvbrazilusa.com\/pt\/2024\/07\/21\/silvio-santos-recebe-alta-de-hospital-confirma-assessoria\/","title":{"rendered":"Silvio Santos recebe alta de hospital, confirma assessoria"},"content":{"rendered":"<p> <script async src=\"https:\/\/pagead2.googlesyndication.com\/pagead\/js\/adsbygoogle.js?client=ca-pub-8864793242727901\"\r\n     crossorigin=\"anonymous\"><\/script><br \/>\n<\/p>\n<div>\n<p>O ic\u00f4nico apresentador Silvio Santos, agora aos 93 anos, teve alta no \u00faltimo s\u00e1bado (20) ap\u00f3s ser tratado de H1N1. Sua sa\u00edda do hospital foi confirmada pela assessoria do SBT, a emissora que ele mesmo fundou. Este evento marca mais um epis\u00f3dio na sa\u00fade do empres\u00e1rio, que tem se mantido afastado dos holofotes televisivos h\u00e1 algum tempo.<\/p>\n<p>Silvio, que \u00e9 uma figura amada e respeitada na televis\u00e3o brasileira, estava internado no renomado Hospital Albert Einstein. Embora detalhes espec\u00edficos sobre seu estado de sa\u00fade durante a interna\u00e7\u00e3o n\u00e3o tenham sido amplamente divulgados, a confirma\u00e7\u00e3o de sua melhora foi recebida com alegria e al\u00edvio por f\u00e3s e familiares.<\/p>\n<h2 class=\"wp-block-heading\">Como est\u00e1 a sa\u00fade de Silvio Santos agora?<\/h2>\n<p>Desde setembro de 2022, Silvio Santos n\u00e3o aparece em seu programa de TV, deixando o palco sob comando de sua filha, Patr\u00edcia Abravanel. A aus\u00eancia do apresentador despertou diversas especula\u00e7\u00f5es e preocupa\u00e7\u00f5es sobre sua sa\u00fade. No entanto, segundo declara\u00e7\u00f5es da filha mais velha, C\u00edntia, Silvio est\u00e1 desfrutando do seu tempo em fam\u00edlia e j\u00e1 distribuiu partes significativas da sua heran\u00e7a.<\/p>\n<h2 class=\"wp-block-heading\">Transi\u00e7\u00e3o no Comando do Programa Silvio Santos<\/h2>\n<p>Com a retirada tempor\u00e1ria \u2013 ou permanente \u2013 de Silvio dos est\u00fadios, sua filha Patr\u00edcia toma as r\u00e9deas do programa. Segundo a fam\u00edlia, Silvio decidiu que era hora de passar o bast\u00e3o, optando por um merecido descanso ap\u00f3s d\u00e9cadas de uma carreira vibrante. C\u00edntia comentou que embora haja a possibilidade de retorno, seu pai se encontra atualmente em um estado de satisfa\u00e7\u00e3o com as realiza\u00e7\u00f5es de sua vida e carreira.<\/p>\n<p>O legado de Silvio Santos vai muito al\u00e9m dos seus programas de televis\u00e3o. Como empres\u00e1rio astuto e showman carism\u00e1tico, ele construiu um imp\u00e9rio que transformou a cultura televisiva no Brasil. Mesmo que ele decida n\u00e3o retornar \u00e0 frente das c\u00e2meras, suas contribui\u00e7\u00f5es continuam vigorando atrav\u00e9s das novas gera\u00e7\u00f5es e lideran\u00e7as dentro do SBT.<\/p>\n<p>F\u00e3s e telespectadores mant\u00eam a esperan\u00e7a de que Silvio possa fazer apari\u00e7\u00f5es ocasionais, mas respeitam seu desejo de descanso. \u201cA saudade \u00e9 grande, mas a gratid\u00e3o por tudo que ele fez ainda \u00e9 maior,\u201d compartilhou um f\u00e3 nas redes sociais. Enquanto isso, Patr\u00edcia e suas irm\u00e3s continuam a honrar e a expandir a vis\u00e3o e os valores de seu pai em seus pr\u00f3prios estilos e capacidades.<\/p>\n<\/p><\/div>\n<p><br \/>\n<br \/><a href=\"https:\/\/terrabrasilnoticias.com\/2024\/07\/silvio-santos-recebe-alta-de-hospital-confirma-assessoria\/\">Source link <\/a><\/p>","protected":false},"excerpt":{"rendered":"<p>O ic\u00f4nico apresentador Silvio Santos, agora aos 93 anos, teve alta no \u00faltimo s\u00e1bado (20) ap\u00f3s ser tratado de H1N1. Sua sa\u00edda do hospital foi confirmada pela assessoria do SBT,&hellip;<\/p>","protected":false},"author":1,"featured_media":5118,"comment_status":"closed","ping_status":"open","sticky":false,"template":"","format":"standard","meta":{"content-type":"","footnotes":""},"categories":[16],"tags":[],"class_list":["post-5117","post","type-post","status-publish","format-standard","has-post-thumbnail","hentry","category-noticias"],"_links":{"self":[{"href":"https:\/\/tvbrazilusa.com\/pt\/wp-json\/wp\/v2\/posts\/5117","targetHints":{"allow":["GET"]}}],"collection":[{"href":"https:\/\/tvbrazilusa.com\/pt\/wp-json\/wp\/v2\/posts"}],"about":[{"href":"https:\/\/tvbrazilusa.com\/pt\/wp-json\/wp\/v2\/types\/post"}],"author":[{"embeddable":true,"href":"https:\/\/tvbrazilusa.com\/pt\/wp-json\/wp\/v2\/users\/1"}],"replies":[{"embeddable":true,"href":"https:\/\/tvbrazilusa.com\/pt\/wp-json\/wp\/v2\/comments?post=5117"}],"version-history":[{"count":1,"href":"https:\/\/tvbrazilusa.com\/pt\/wp-json\/wp\/v2\/posts\/5117\/revisions"}],"predecessor-version":[{"id":5119,"href":"https:\/\/tvbrazilusa.com\/pt\/wp-json\/wp\/v2\/posts\/5117\/revisions\/5119"}],"wp:featuredmedia":[{"embeddable":true,"href":"https:\/\/tvbrazilusa.com\/pt\/wp-json\/wp\/v2\/media\/5118"}],"wp:attachment":[{"href":"https:\/\/tvbrazilusa.com\/pt\/wp-json\/wp\/v2\/media?parent=5117"}],"wp:term":[{"taxonomy":"category","embeddable":true,"href":"https:\/\/tvbrazilusa.com\/pt\/wp-json\/wp\/v2\/categories?post=5117"},{"taxonomy":"post_tag","embeddable":true,"href":"https:\/\/tvbrazilusa.com\/pt\/wp-json\/wp\/v2\/tags?post=5117"}],"curies":[{"name":"wp","href":"https:\/\/api.w.org\/{rel}","templated":true}]}}