{"id":51173,"date":"2024-10-23T17:30:47","date_gmt":"2024-10-23T17:30:47","guid":{"rendered":"https:\/\/tvbrazilusa.com\/2024\/10\/23\/gravidez-silenciosa-jovem-entra-no-hospital-com-colica-e-sai-com-bebe-veja-video\/"},"modified":"2024-10-23T17:30:50","modified_gmt":"2024-10-23T17:30:50","slug":"gravidez-silenciosa-jovem-entra-no-hospital-com-colica-e-sai-com-bebe-veja-video","status":"publish","type":"post","link":"https:\/\/tvbrazilusa.com\/pt\/2024\/10\/23\/gravidez-silenciosa-jovem-entra-no-hospital-com-colica-e-sai-com-bebe-veja-video\/","title":{"rendered":"Gravidez silenciosa: jovem entra no hospital com c\u00f3lica e sai com beb\u00ea; VEJA V\u00cdDEO"},"content":{"rendered":"<p> <script async src=\"https:\/\/pagead2.googlesyndication.com\/pagead\/js\/adsbygoogle.js?client=ca-pub-8864793242727901\"\r\n     crossorigin=\"anonymous\"><\/script><br \/>\n<\/p>\n<div id=\"taboola-read-more\" style=\"display:block; width:100%\">\n<p>A jovem Aline Lucachece Lucas, de 18 anos, deu entrada no pronto-socorro de um hospital em Pindamonhangaba, no interior de S\u00e3o Paulo, onde mora, achando que estava com uma c\u00f3lica muito forte, e saiu de l\u00e1 com sua primeira filha. Aline s\u00f3 descobriu a gravidez no dia em que a beb\u00ea nasceu.\n<\/p>\n<p>Seguindo uma trend no TikTok na qual usu\u00e1rios contam hist\u00f3rias de \u201cum dia muito louco\u201d que viveram, a jovem publicou um v\u00eddeo relatando que havia entrado no hospital com dor e sa\u00eddo \u201ccom uma pulga aventureira de 48,5 cm que nem sabia que existia\u201d.<\/p>\n<p>Com a repercuss\u00e3o do post, Aline fez outras publica\u00e7\u00f5es contando a hist\u00f3ria em detalhes. \u201cRelatos do dia que eu entrei no hospital com uma c\u00f3lica e sa\u00ed de l\u00e1 m\u00e3e\u201d, brincou em um dos v\u00eddeos.\n<\/p>\n<p>Respondendo a perguntas de internautas, Aline afirmou que n\u00e3o teve nenhum sintoma de gravidez. \u201cEu n\u00e3o tive enjoo, n\u00e3o tive azia, n\u00e3o tive desejo, n\u00e3o tive nada. Minha vida estava normal. Eu continuei menstruando normal e tamb\u00e9m n\u00e3o tive barriga de gr\u00e1vida\u201d, disse.\n<\/p>\n<p>Em seguida, a jovem explicou que sua gesta\u00e7\u00e3o era abdominal. \u201cUmas duas semanas antes, mais ou menos, que acabou inchando o meu abd\u00f4men e eu achei que era uma coisa normal porque n\u00e3o tinha absolutamente nada.\u201d\n<\/p>\n<p>Quando esse incha\u00e7o aconteceu, familiares recomendaram que ela fizesse um teste de gravidez, porque ela poderia estar no segundo ou terceiro m\u00eas da gesta\u00e7\u00e3o. Ela fez um teste de farm\u00e1cia, que deu negativo. Em um coment\u00e1rio do post, Aline relevou que, pelas contas, a beb\u00ea nasceu de nove meses.\n<\/p>\n<h3>O dia do parto<\/h3>\n<p>A jovem, que toca ukulel\u00ea e \u00e9 manicure, disse que, por volta das 11 horas da noite, come\u00e7ou a sentir uma dor muito forte e a sangrar. Ela achou que era sua menstrua\u00e7\u00e3o e n\u00e3o deu muita import\u00e2ncia, por\u00e9m a dor s\u00f3 foi piorando. Por volta de 4 horas da manh\u00e3, foi ao hospital.\n<\/p>\n<p>Ap\u00f3s fazer um exame de sangue, o m\u00e9dico achou que ela poderia estar tendo um aborto espont\u00e2neo. \u201cComo assim? Eu n\u00e3o estou gr\u00e1vida\u201d, chegou a dizer ela na hora. \u201cEla nasceu com 48,5 cm e, pasmem, eu n\u00e3o senti nenhuma vez ela l\u00e1 dentro\u201d, brincou.\n<\/p>\n<p>O esposo dela n\u00e3o estava junto quando Stella nasceu. Aline teve que dar a not\u00edcia por mensagens de texto (<em>leia abaixo<\/em>). Ele estava preocupado com a dor da jovem e alegou ser \u201cimposs\u00edvel\u201d ela estar gr\u00e1vida em determinado momento da conversa.\n<\/p>\n<p><strong>Veja os prints:<\/strong>\n<\/p>\n<p><strong><\/strong>\n<\/p>\n<p><strong><img decoding=\"async\" src=\"https:\/\/fly.metroimg.com\/upload\/q_85,w_1200\/https:\/\/uploads.metroimg.com\/wp-content\/uploads\/2024\/10\/23110327\/Gravidez-silenciosa-jovem-entra-no-hospital-com-colica-e-sai-com-bebe3.jpg\" alt=\"\" width=\"100%\"\/><\/strong>\n<\/p>\n<p><strong><img decoding=\"async\" src=\"https:\/\/fly.metroimg.com\/upload\/q_85,w_1200\/https:\/\/uploads.metroimg.com\/wp-content\/uploads\/2024\/10\/23110332\/Gravidez-silenciosa-jovem-entra-no-hospital-com-colica-e-sai-com-bebe4.jpg\" alt=\"\" width=\"100%\"\/><\/strong>\n<\/p>\n<p><strong><img decoding=\"async\" src=\"https:\/\/fly.metroimg.com\/upload\/q_85,w_1200\/https:\/\/uploads.metroimg.com\/wp-content\/uploads\/2024\/10\/23110337\/Gravidez-silenciosa-jovem-entra-no-hospital-com-colica-e-sai-com-bebe5.jpg\" alt=\"\" width=\"100%\"\/><\/strong>\n<\/p>\n<p><strong><img decoding=\"async\" src=\"https:\/\/fly.metroimg.com\/upload\/q_85,w_1200\/https:\/\/uploads.metroimg.com\/wp-content\/uploads\/2024\/10\/23110343\/Gravidez-silenciosa-jovem-entra-no-hospital-com-colica-e-sai-com-bebe6.jpg\" alt=\"\" width=\"100%\"\/><\/strong>\n<\/p>\n<p>A rea\u00e7\u00e3o dos familiares tamb\u00e9m foi pauta em outro v\u00eddeo publicado por Aline. \u201cA minha fam\u00edlia acabou ficando em choque. Meu pai foi comigo no hospital e a m\u00e9dica que contou para ele, porque eu n\u00e3o tinha cabe\u00e7a para contar, porque a crian\u00e7a ia vir ao mundo sem roupa, sem nada. Meu pai ficou sem rea\u00e7\u00e3o, meio em choque. Minha m\u00e3e quase desmaiou\u201d, relatou.\n<\/p>\n<p>Fonte:\u00a0 <\/p>\n<\/div>\n<p><br \/>\n<br \/><a href=\"https:\/\/diariodobrasilnoticias.com.br\/noticia\/gravidez-silenciosa-jovem-entra-no-hospital-com-colica-e-sai-com-bebe-veja-video-67190d204220e\">Source link <\/a><\/p>","protected":false},"excerpt":{"rendered":"<p>A jovem Aline Lucachece Lucas, de 18 anos, deu entrada no pronto-socorro de um hospital em Pindamonhangaba, no interior de S\u00e3o Paulo, onde mora, achando que estava com uma c\u00f3lica&hellip;<\/p>","protected":false},"author":1,"featured_media":51174,"comment_status":"closed","ping_status":"open","sticky":false,"template":"","format":"standard","meta":{"content-type":"","footnotes":""},"categories":[16],"tags":[123,2448,5313,1267],"class_list":["post-51173","post","type-post","status-publish","format-standard","has-post-thumbnail","hentry","category-noticias","tag-brasil","tag-diario","tag-noticia","tag-noticias"],"_links":{"self":[{"href":"https:\/\/tvbrazilusa.com\/pt\/wp-json\/wp\/v2\/posts\/51173","targetHints":{"allow":["GET"]}}],"collection":[{"href":"https:\/\/tvbrazilusa.com\/pt\/wp-json\/wp\/v2\/posts"}],"about":[{"href":"https:\/\/tvbrazilusa.com\/pt\/wp-json\/wp\/v2\/types\/post"}],"author":[{"embeddable":true,"href":"https:\/\/tvbrazilusa.com\/pt\/wp-json\/wp\/v2\/users\/1"}],"replies":[{"embeddable":true,"href":"https:\/\/tvbrazilusa.com\/pt\/wp-json\/wp\/v2\/comments?post=51173"}],"version-history":[{"count":1,"href":"https:\/\/tvbrazilusa.com\/pt\/wp-json\/wp\/v2\/posts\/51173\/revisions"}],"predecessor-version":[{"id":51175,"href":"https:\/\/tvbrazilusa.com\/pt\/wp-json\/wp\/v2\/posts\/51173\/revisions\/51175"}],"wp:featuredmedia":[{"embeddable":true,"href":"https:\/\/tvbrazilusa.com\/pt\/wp-json\/wp\/v2\/media\/51174"}],"wp:attachment":[{"href":"https:\/\/tvbrazilusa.com\/pt\/wp-json\/wp\/v2\/media?parent=51173"}],"wp:term":[{"taxonomy":"category","embeddable":true,"href":"https:\/\/tvbrazilusa.com\/pt\/wp-json\/wp\/v2\/categories?post=51173"},{"taxonomy":"post_tag","embeddable":true,"href":"https:\/\/tvbrazilusa.com\/pt\/wp-json\/wp\/v2\/tags?post=51173"}],"curies":[{"name":"wp","href":"https:\/\/api.w.org\/{rel}","templated":true}]}}