{"id":51207,"date":"2024-10-23T17:46:54","date_gmt":"2024-10-23T17:46:54","guid":{"rendered":"https:\/\/tvbrazilusa.com\/2024\/10\/23\/democratas-temem-que-kamala-harris-possa-perder-disputa-acirrada-paulo-figueiredo\/"},"modified":"2024-10-23T18:55:26","modified_gmt":"2024-10-23T18:55:26","slug":"democratas-temem-que-kamala-harris-possa-perder-disputa-acirrada-paulo-figueiredo","status":"publish","type":"post","link":"https:\/\/tvbrazilusa.com\/pt\/2024\/10\/23\/democratas-temem-que-kamala-harris-possa-perder-disputa-acirrada-paulo-figueiredo\/","title":{"rendered":"Democratas temem que Kamala Harris possa perder disputa acirrada &#8211; Paulo Figueiredo"},"content":{"rendered":"<p> <script async src=\"https:\/\/pagead2.googlesyndication.com\/pagead\/js\/adsbygoogle.js?client=ca-pub-8864793242727901\"\r\n     crossorigin=\"anonymous\"><\/script><br \/>\n<\/p>\n<div id=\"wtr-content\" data-bg=\"#FFFFFF\" data-fg=\"#006d91\" data-width=\"25\" data-mute=\"1\" data-fgopacity=\"1.00\" data-mutedopacity=\"0.5\" data-placement=\"bottom\" data-placement-offset=\"0\" data-content-offset=\"262\" data-placement-touch=\"bottom\" data-placement-offset-touch=\"0\" data-transparent=\"\" data-shadow=\"0\" data-touch=\"1\" data-non-touch=\"1\" data-comments=\"0\" data-commentsbg=\"transparent\" data-location=\"page\" data-mutedfg=\"#006d91\" data-endfg=\"#006d91\" data-rtl=\"\">\n<p>A elei\u00e7\u00e3o presidencial pode estar escapando das m\u00e3os da vice-presidente Kamala Harris, indicaram os democratas na quarta-feira.<\/p>\n<p>Com as primeiras tend\u00eancias de vota\u00e7\u00e3o antecipada na ter\u00e7a-feira sugerindo que os republicanos est\u00e3o superando os democratas em estados-chave, a campanha de Harris provavelmente entrar\u00e1 em p\u00e2nico nos pr\u00f3ximos dias, intensificando a ret\u00f3rica para aumentar a participa\u00e7\u00e3o eleitoral. Tanto Harris quanto Barack Obama alegaram na ter\u00e7a-feira que o ex-presidente Donald Trump \u00e9 desequilibrado e incompetente \u201csem nenhum controle\u201d.<\/p>\n<\/div>\n<p><br \/>\n<br \/><a href=\"https:\/\/paulofigueiredoshow.com\/democratas-temem-que-kamala-harris-possa-perder-disputa-acirrada\/\">Source link <\/a><\/p>","protected":false},"excerpt":{"rendered":"<p>A elei\u00e7\u00e3o presidencial pode estar escapando das m\u00e3os da vice-presidente Kamala Harris, indicaram os democratas na quarta-feira. Com as primeiras tend\u00eancias de vota\u00e7\u00e3o antecipada na ter\u00e7a-feira sugerindo que os republicanos&hellip;<\/p>","protected":false},"author":1,"featured_media":51208,"comment_status":"closed","ping_status":"open","sticky":false,"template":"","format":"standard","meta":{"content-type":"","footnotes":""},"categories":[16],"tags":[1534,1408,592,1535,29275],"class_list":["post-51207","post","type-post","status-publish","format-standard","has-post-thumbnail","hentry","category-noticias","tag-democratas","tag-eleicoes","tag-eua","tag-kamala","tag-perdem"],"_links":{"self":[{"href":"https:\/\/tvbrazilusa.com\/pt\/wp-json\/wp\/v2\/posts\/51207","targetHints":{"allow":["GET"]}}],"collection":[{"href":"https:\/\/tvbrazilusa.com\/pt\/wp-json\/wp\/v2\/posts"}],"about":[{"href":"https:\/\/tvbrazilusa.com\/pt\/wp-json\/wp\/v2\/types\/post"}],"author":[{"embeddable":true,"href":"https:\/\/tvbrazilusa.com\/pt\/wp-json\/wp\/v2\/users\/1"}],"replies":[{"embeddable":true,"href":"https:\/\/tvbrazilusa.com\/pt\/wp-json\/wp\/v2\/comments?post=51207"}],"version-history":[{"count":1,"href":"https:\/\/tvbrazilusa.com\/pt\/wp-json\/wp\/v2\/posts\/51207\/revisions"}],"predecessor-version":[{"id":51209,"href":"https:\/\/tvbrazilusa.com\/pt\/wp-json\/wp\/v2\/posts\/51207\/revisions\/51209"}],"wp:featuredmedia":[{"embeddable":true,"href":"https:\/\/tvbrazilusa.com\/pt\/wp-json\/wp\/v2\/media\/51208"}],"wp:attachment":[{"href":"https:\/\/tvbrazilusa.com\/pt\/wp-json\/wp\/v2\/media?parent=51207"}],"wp:term":[{"taxonomy":"category","embeddable":true,"href":"https:\/\/tvbrazilusa.com\/pt\/wp-json\/wp\/v2\/categories?post=51207"},{"taxonomy":"post_tag","embeddable":true,"href":"https:\/\/tvbrazilusa.com\/pt\/wp-json\/wp\/v2\/tags?post=51207"}],"curies":[{"name":"wp","href":"https:\/\/api.w.org\/{rel}","templated":true}]}}