{"id":51212,"date":"2024-10-23T19:09:25","date_gmt":"2024-10-23T19:09:25","guid":{"rendered":"https:\/\/tvbrazilusa.com\/2024\/10\/23\/time-de-futebol-feminino-da-espanha-gera-polemica-ao-escalar-jogadores-com-barba-em-transicao-de-genero\/"},"modified":"2024-10-23T19:09:26","modified_gmt":"2024-10-23T19:09:26","slug":"time-de-futebol-feminino-da-espanha-gera-polemica-ao-escalar-jogadores-com-barba-em-transicao-de-genero","status":"publish","type":"post","link":"https:\/\/tvbrazilusa.com\/pt\/2024\/10\/23\/time-de-futebol-feminino-da-espanha-gera-polemica-ao-escalar-jogadores-com-barba-em-transicao-de-genero\/","title":{"rendered":"Time de futebol feminino da Espanha gera pol\u00eamica ao escalar jogadores com barba em transi\u00e7\u00e3o de g\u00eanero"},"content":{"rendered":"<p> <script async src=\"https:\/\/pagead2.googlesyndication.com\/pagead\/js\/adsbygoogle.js?client=ca-pub-8864793242727901\"\r\n     crossorigin=\"anonymous\"><\/script><br \/>\n<\/p>\n<div data-block-type=\"unstyled\" data-block-weight=\"127\" data-block-id=\"8\">\n<p class=\"content-text__container\" data-track-category=\"Link no Texto\" data-track-links=\"\" data-mrf-recirculation=\"Recomenda\u00e7\u00e3o meio do texto\">\u201c\u00c0 luz da viol\u00eancia perpetrada contra dois jogadores da equipe reserva feminina, n\u00f3s, do Club Esportiu Europa, dizemos n\u00e3o \u00e0 viol\u00eancia transf\u00f3bica e LGBTIf\u00f3bica e a qualquer tipo de viol\u00eancia. Durante sua hist\u00f3ria de mais de um s\u00e9culo, nosso clube se destacou por seus valores de esportividade, jogo limpo e conformidade com as regulamenta\u00e7\u00f5es esportivas atuais. Tamb\u00e9m trabalha e luta pelo direito de todas as pessoas a viver vidas livres de todas as formas de viol\u00eancia. Vidas que merecem ser vividas. Combater crimes de \u00f3dio e a viol\u00eancia transf\u00f3bica \u00e9 um dever coletivo que desafia toda a sociedade. Portanto, reiteramos e dizemos em voz alta que permanecemos firmes. Contra a agress\u00e3o e o fascismo, dizemos \u2018um passo para tr\u00e1s, nunca\u2019\u201d, disse o clube em um comunicado oficial.\n<\/p>\n<p class=\"content-text__container\" data-track-category=\"Link no Texto\" data-track-links=\"\" data-mrf-recirculation=\"Recomenda\u00e7\u00e3o meio do texto\">\u00a0\n<\/p>\n<p class=\"content-text__container\" data-track-category=\"Link no Texto\" data-track-links=\"\" data-mrf-recirculation=\"Recomenda\u00e7\u00e3o meio do texto\">Fonte: Extra\n<\/p>\n<\/div>\n<p><br \/>\n<br \/><a href=\"https:\/\/diariodobrasilnoticias.com.br\/noticia\/time-de-futebol-feminino-da-espanha-gera-polemica-ao-escalar-jogadores-com-barba-em-transicao-de-genero-671927b734d97\">Source link <\/a><\/p>","protected":false},"excerpt":{"rendered":"<p>\u201c\u00c0 luz da viol\u00eancia perpetrada contra dois jogadores da equipe reserva feminina, n\u00f3s, do Club Esportiu Europa, dizemos n\u00e3o \u00e0 viol\u00eancia transf\u00f3bica e LGBTIf\u00f3bica e a qualquer tipo de viol\u00eancia.&hellip;<\/p>","protected":false},"author":1,"featured_media":51213,"comment_status":"closed","ping_status":"open","sticky":false,"template":"","format":"standard","meta":{"content-type":"","footnotes":""},"categories":[16],"tags":[123,2448,5313,1267],"class_list":["post-51212","post","type-post","status-publish","format-standard","has-post-thumbnail","hentry","category-noticias","tag-brasil","tag-diario","tag-noticia","tag-noticias"],"_links":{"self":[{"href":"https:\/\/tvbrazilusa.com\/pt\/wp-json\/wp\/v2\/posts\/51212","targetHints":{"allow":["GET"]}}],"collection":[{"href":"https:\/\/tvbrazilusa.com\/pt\/wp-json\/wp\/v2\/posts"}],"about":[{"href":"https:\/\/tvbrazilusa.com\/pt\/wp-json\/wp\/v2\/types\/post"}],"author":[{"embeddable":true,"href":"https:\/\/tvbrazilusa.com\/pt\/wp-json\/wp\/v2\/users\/1"}],"replies":[{"embeddable":true,"href":"https:\/\/tvbrazilusa.com\/pt\/wp-json\/wp\/v2\/comments?post=51212"}],"version-history":[{"count":1,"href":"https:\/\/tvbrazilusa.com\/pt\/wp-json\/wp\/v2\/posts\/51212\/revisions"}],"predecessor-version":[{"id":51214,"href":"https:\/\/tvbrazilusa.com\/pt\/wp-json\/wp\/v2\/posts\/51212\/revisions\/51214"}],"wp:featuredmedia":[{"embeddable":true,"href":"https:\/\/tvbrazilusa.com\/pt\/wp-json\/wp\/v2\/media\/51213"}],"wp:attachment":[{"href":"https:\/\/tvbrazilusa.com\/pt\/wp-json\/wp\/v2\/media?parent=51212"}],"wp:term":[{"taxonomy":"category","embeddable":true,"href":"https:\/\/tvbrazilusa.com\/pt\/wp-json\/wp\/v2\/categories?post=51212"},{"taxonomy":"post_tag","embeddable":true,"href":"https:\/\/tvbrazilusa.com\/pt\/wp-json\/wp\/v2\/tags?post=51212"}],"curies":[{"name":"wp","href":"https:\/\/api.w.org\/{rel}","templated":true}]}}