{"id":51224,"date":"2024-10-23T20:06:06","date_gmt":"2024-10-23T20:06:06","guid":{"rendered":"https:\/\/tvbrazilusa.com\/2024\/10\/23\/israel-diz-que-mundo-conhecera-sua-forca-apos-ataque-contra-o-ira\/"},"modified":"2024-10-23T20:06:07","modified_gmt":"2024-10-23T20:06:07","slug":"israel-diz-que-mundo-conhecera-sua-forca-apos-ataque-contra-o-ira","status":"publish","type":"post","link":"https:\/\/tvbrazilusa.com\/pt\/2024\/10\/23\/israel-diz-que-mundo-conhecera-sua-forca-apos-ataque-contra-o-ira\/","title":{"rendered":"Israel diz que mundo conhecer\u00e1 sua for\u00e7a ap\u00f3s ataque contra o Ir\u00e3"},"content":{"rendered":"<p> <script async src=\"https:\/\/pagead2.googlesyndication.com\/pagead\/js\/adsbygoogle.js?client=ca-pub-8864793242727901\"\r\n     crossorigin=\"anonymous\"><\/script><br \/>\n<\/p>\n<div id=\"taboola-read-more\" style=\"display:block; width:100%\">\n<p>O ministro da Defesa de Israel, Yoav Gallant, se encontrou com militares na base a\u00e9rea de Hatzerim, nesta quarta-feira (23), onde afirmou que, \u201cdepois que atacarmos o Ir\u00e3, todos entender\u00e3o o nosso treinamento e a nossa for\u00e7a\u201d.\n<\/p>\n<p>A declara\u00e7\u00e3o surge em meio a discuss\u00f5es sobre uma resposta de Israel para o ataque com m\u00edsseis bal\u00edsticos de Teer\u00e3 contra seu territ\u00f3rio em 1\u00ba de outubro.<\/p>\n<p>Gallant acrescentou que \u201ctodos que sonhavam h\u00e1 um ano em nos vencer&#8221;, se referindo \u00e0s mil\u00edcias do Eixo da Resist\u00eancia como o Hamas e o Hezbollah, &#8220;pagaram um pre\u00e7o alto e n\u00e3o est\u00e3o mais nesse plano\u201d.\n<\/p>\n<p>Essa \u00e9 o mais recente pronunciamento do governo de Tel Aviv sobre a crise no Oriente M\u00e9dio e ocorre em meio \u00e0 visita do secret\u00e1rio de Estado dos Estados Unidos, Antony Blinken.\n<\/p>\n<p>O chefe da diplomacia americana chegou a Tel Aviv nesta ter\u00e7a-feira (22) para ter reuni\u00f5es com o premi\u00ea Benjamin Netanyahu, com o ministro da Defesa, Yoav Gallant, e com outras autoridades israelenses de alto escal\u00e3o para tentar relan\u00e7ar as negocia\u00e7\u00f5es, paralisadas h\u00e1 meses, para um acordo de cessar-fogo e a liberta\u00e7\u00e3o de ref\u00e9ns na Faixa de Gaza.\n<\/p>\n<p>Em um encontro com Netanyahu, Blinken reiterou a necessidade de Israel tomar \u201cmedidas adicionais\u201d para impulsionar a entrega e a distribui\u00e7\u00e3o de ajuda humanit\u00e1ria na Faixa de Gaza.\n<\/p>\n<p>As autoridades tamb\u00e9m discutiram a situa\u00e7\u00e3o no L\u00edbano, onde as for\u00e7as israelenses est\u00e3o realizando uma ofensiva terrestre e a\u00e9rea contra o grupo terrorista Hezbollah, aliado do Ir\u00e3.\n<\/p>\n<p>Ainda nesta ter\u00e7a-feira, as For\u00e7as de Defesa de Israel (FDI) confirmaram a morte de Hashem Safieddine, cogitado para ser o l\u00edder do grupo terrorista xiita Hezbollah no lugar de Hassan Nasrallah, morto em setembro em um ataque em Beirute.\n<\/p>\n<p>Israel ataca v\u00e1rios centros de comando do Hezbollah no sul do L\u00edbano<br \/>O Ex\u00e9rcito de Israel afirmou nesta quarta-feira (23) que atacou v\u00e1rios centros de comando do Hezbollah na cidade de Tiro, sul do L\u00edbano.\n<\/p>\n<p>As for\u00e7as israelenses \u201crealizaram ataques com base em informa\u00e7\u00f5es de intelig\u00eancia contra v\u00e1rios centros de comando e controle pertencentes \u00e0 organiza\u00e7\u00e3o terrorista Hezbollah, inclusive na \u00e1rea de Tiro, no sul do L\u00edbano\u201d, detalhou um comunicado militar.\n<\/p>\n<p>Antes dos bombardeios, Israel ordenou a evacua\u00e7\u00e3o de grande parte da cidade de Tiro, onde as autoridades locais estimam que permanecessem mais de 14 mil pessoas, muitas delas deslocadas de outros locais do sul do pa\u00eds mediterr\u00e2neo ap\u00f3s a escalada dos ataques israelenses contra o Hezbollah h\u00e1 um m\u00eas.\n<\/p>\n<p>Fonte: Gazeta do Povo <\/p>\n<\/div>\n<p><br \/>\n<br \/><a href=\"https:\/\/diariodobrasilnoticias.com.br\/noticia\/israel-diz-que-mundo-conhecera-sua-forca-apos-ataque-contra-o-ira-671933891249c\">Source link <\/a><\/p>","protected":false},"excerpt":{"rendered":"<p>O ministro da Defesa de Israel, Yoav Gallant, se encontrou com militares na base a\u00e9rea de Hatzerim, nesta quarta-feira (23), onde afirmou que, \u201cdepois que atacarmos o Ir\u00e3, todos entender\u00e3o&hellip;<\/p>","protected":false},"author":1,"featured_media":51225,"comment_status":"closed","ping_status":"open","sticky":false,"template":"","format":"standard","meta":{"content-type":"","footnotes":""},"categories":[16],"tags":[123,2448,5313,1267],"class_list":["post-51224","post","type-post","status-publish","format-standard","has-post-thumbnail","hentry","category-noticias","tag-brasil","tag-diario","tag-noticia","tag-noticias"],"_links":{"self":[{"href":"https:\/\/tvbrazilusa.com\/pt\/wp-json\/wp\/v2\/posts\/51224","targetHints":{"allow":["GET"]}}],"collection":[{"href":"https:\/\/tvbrazilusa.com\/pt\/wp-json\/wp\/v2\/posts"}],"about":[{"href":"https:\/\/tvbrazilusa.com\/pt\/wp-json\/wp\/v2\/types\/post"}],"author":[{"embeddable":true,"href":"https:\/\/tvbrazilusa.com\/pt\/wp-json\/wp\/v2\/users\/1"}],"replies":[{"embeddable":true,"href":"https:\/\/tvbrazilusa.com\/pt\/wp-json\/wp\/v2\/comments?post=51224"}],"version-history":[{"count":1,"href":"https:\/\/tvbrazilusa.com\/pt\/wp-json\/wp\/v2\/posts\/51224\/revisions"}],"predecessor-version":[{"id":51226,"href":"https:\/\/tvbrazilusa.com\/pt\/wp-json\/wp\/v2\/posts\/51224\/revisions\/51226"}],"wp:featuredmedia":[{"embeddable":true,"href":"https:\/\/tvbrazilusa.com\/pt\/wp-json\/wp\/v2\/media\/51225"}],"wp:attachment":[{"href":"https:\/\/tvbrazilusa.com\/pt\/wp-json\/wp\/v2\/media?parent=51224"}],"wp:term":[{"taxonomy":"category","embeddable":true,"href":"https:\/\/tvbrazilusa.com\/pt\/wp-json\/wp\/v2\/categories?post=51224"},{"taxonomy":"post_tag","embeddable":true,"href":"https:\/\/tvbrazilusa.com\/pt\/wp-json\/wp\/v2\/tags?post=51224"}],"curies":[{"name":"wp","href":"https:\/\/api.w.org\/{rel}","templated":true}]}}