{"id":51232,"date":"2024-10-23T20:16:55","date_gmt":"2024-10-23T20:16:55","guid":{"rendered":"https:\/\/tvbrazilusa.com\/2024\/10\/23\/estrategia-de-resiliencia-de-jacksonville-ganha-premio-nacional-jacksonville-hoje\/"},"modified":"2024-10-23T20:23:02","modified_gmt":"2024-10-23T20:23:02","slug":"estrategia-de-resiliencia-de-jacksonville-ganha-premio-nacional-jacksonville-hoje","status":"publish","type":"post","link":"https:\/\/tvbrazilusa.com\/pt\/2024\/10\/23\/estrategia-de-resiliencia-de-jacksonville-ganha-premio-nacional-jacksonville-hoje\/","title":{"rendered":"Estrat\u00e9gia de resili\u00eancia de Jacksonville ganha pr\u00eamio nacional | Jacksonville hoje"},"content":{"rendered":"<p> <script async src=\"https:\/\/pagead2.googlesyndication.com\/pagead\/js\/adsbygoogle.js?client=ca-pub-8864793242727901\"\r\n     crossorigin=\"anonymous\"><\/script><br \/>\n<\/p>\n<div>\n<p>Jacksonville foi homenageada com o Pr\u00eamio Nacional de Planejamento da American Planning Association por sua estrat\u00e9gia de resili\u00eancia com um ano de exist\u00eancia.<\/p>\n<p>O pr\u00e9mio reconhece uma comunidade que tomou medidas exemplares para melhorar a sua capacidade de adapta\u00e7\u00e3o aos choques e tens\u00f5es ambientais. A associa\u00e7\u00e3o elogiou especificamente o que chamou <a href=\"https:\/\/www.jacksonville.gov\/resilience\" rel=\"nofollow noopener\" target=\"_blank\">Jacksonville resiliente<\/a>da \u201cabordagem inovadora e abrangente para o planejamento de resili\u00eancia em m\u00faltiplas escalas\u201d.<\/p>\n<p>Os 50 anos da cidade <a href=\"https:\/\/jaxtoday.org\/2023\/11\/08\/5-takeaways-from-achieving-a-resilient-jacksonville\/\">estrat\u00e9gia de resili\u00eancia<\/a> foi introduzido h\u00e1 um ano, com 45 pol\u00edticas e programas concebidos para bairros espec\u00edficos que enfrentam os efeitos do calor, inunda\u00e7\u00f5es e outros problemas. O pr\u00e9mio homenageia o impacto que o plano teve e ter\u00e1, disse Anne Coglianese, a primeira respons\u00e1vel pela resili\u00eancia da cidade.<\/p>\n<p>\u201cAcho que este \u00e9 realmente um voto de confian\u00e7a de nossos pares de que Jacksonville est\u00e1 desempenhando um papel de lideran\u00e7a no avan\u00e7o do campo da resili\u00eancia e, especificamente, do planejamento da resili\u00eancia, com o objetivo de incorporar a ci\u00eancia e os dados na tomada de decis\u00f5es em n\u00edvel local\u201d, disse Coglianese. <em>Jacksonville hoje<\/em>. \u201cEstamos muito orgulhosos do plano que apresentamos, mas receber este voto de confian\u00e7a dos nossos pares, penso que \u00e9 realmente um sinal de que estamos no caminho certo.\u201d<\/p>\n<p>Coglianese tornou-se a primeira diretora de resili\u00eancia da cidade em 2021. Seu departamento e a cidade lan\u00e7aram <a href=\"https:\/\/www.resilientjacksonville.com\/\" rel=\"nofollow noopener\" target=\"_blank\">Jacksonville resiliente<\/a> em 13 de outubro de 2023.<\/p>\n<p>A estrat\u00e9gia da cidade \u00e9 capaz de se adaptar face a eventos repentinos e extremos que amea\u00e7am as suas comunidades, bem como a press\u00f5es de longo prazo que enfraquecem a estrutura de uma comunidade ao longo do tempo.<\/p>\n<p>S\u00f3 no primeiro ano, a cidade implementou 38 das 45 a\u00e7\u00f5es, segundo uma atualiza\u00e7\u00e3o de um ano.<\/p>\n<p>Uma a\u00e7\u00e3o prev\u00ea que a cidade e os especialistas desenvolvam um modelo composto de inunda\u00e7\u00f5es para medir os impactos combinados das ondas costeiras, flutua\u00e7\u00f5es das mar\u00e9s, inunda\u00e7\u00f5es ribeirinhas e inunda\u00e7\u00f5es de \u00e1guas pluviais interiores.<\/p>\n<p>\u201cO modelo fornecer\u00e1 a Jacksonville os dados mais avan\u00e7ados sobre inunda\u00e7\u00f5es do pa\u00eds, identificar\u00e1 as \u00e1reas mais propensas a inunda\u00e7\u00f5es da cidade e orientar\u00e1 o desenvolvimento do projeto\u201d, afirma a atualiza\u00e7\u00e3o.<\/p>\n<p>Outra est\u00e1 a trabalhar com o Departamento de Planeamento para actualizar os regulamentos de desenvolvimento territorial da cidade para incorporar a resili\u00eancia, incentivando o desenvolvimento em \u00e1reas que est\u00e3o mais preparadas para acomodar o crescimento populacional com seguran\u00e7a.<\/p>\n<p>A cidade tamb\u00e9m est\u00e1 desenvolvendo seu primeiro Plano de Gest\u00e3o Florestal Urbana para orientar a prote\u00e7\u00e3o e expans\u00e3o da copa das \u00e1rvores de Jacksonville para sombrear mais \u00e1reas que enfrentam altas temperaturas.<\/p>\n<p>\u201cPor meio de sua abordagem fundamentada e baseada na ci\u00eancia e de seu processo colaborativo, o Resilient Jacksonville cria um futuro mais forte e mais seguro para a cidade\u201d, disse a presidente do j\u00fari de premia\u00e7\u00e3o da associa\u00e7\u00e3o, Emily Liu, em um comunicado. \u201cEsta estrat\u00e9gia din\u00e2mica identificou com sucesso caracter\u00edsticas-chave que ir\u00e3o aumentar a resili\u00eancia em toda a vasta paisagem de Jacksonville, abordando n\u00e3o apenas os riscos costeiros, mas tamb\u00e9m os diversos desafios enfrentados por esta cidade em expans\u00e3o.\u201d<\/p>\n<p>A prefeita Donna Deegan disse que as autoridades municipais est\u00e3o orgulhosas da \u201cabordagem inovadora e do trabalho \u00e1rduo\u201d que sua equipe dedicou a esse esfor\u00e7o. Ela disse em comunicado que \u00e9 vital que a equipe trabalhe em conjunto com todos os residentes e empresas para alcan\u00e7ar um futuro resiliente para Jacksonville.<\/p>\n<p>O gabinete de resili\u00eancia de Coglianese solicitou subs\u00eddios durante o seu mandato de tr\u00eas anos para ajudar a financiar os seus programas. Ela disse que espera que o pr\u00eamio diga \u00e0s pessoas que h\u00e1 algo novo e interessante acontecendo nesta parte do pa\u00eds.<\/p>\n<p>\u201cEu realmente espero que Jacksonville possa se tornar uma estrutura modelo para como outras comunidades come\u00e7am a se adaptar\u201d, disse ela. \u201cSe isso nos ajudar a conseguir subs\u00eddios, fabuloso. Mas tamb\u00e9m penso que o papel de aprendizagem que podemos desempenhar com as nossas cidades parceiras ser\u00e1 enorme.\u201d<\/p>\n<figure class=\"wp-block-image size-large\"><\/figure>\n<p>O an\u00fancio do pr\u00eamio ocorre poucos dias antes de um painel de discuss\u00e3o na noite de ter\u00e7a-feira com l\u00edderes locais sobre os esfor\u00e7os municipais e regionais para preparar o Nordeste da Fl\u00f3rida para os efeitos das mudan\u00e7as clim\u00e1ticas.<\/p>\n<p>ADAPT, parte de <em>Jacksonville hoje<\/em>est\u00e1 fazendo parceria com o Conselho de Prote\u00e7\u00e3o Ambiental de Jacksonville para apresentar <em>Resili\u00eancia Regional em A\u00e7\u00e3o<\/em>as \u00faltimas atualiza\u00e7\u00f5es sobre os esfor\u00e7os de resili\u00eancia locais e regionais e como os cidad\u00e3os podem participar neles. O painel de discuss\u00e3o come\u00e7ar\u00e1 \u00e0s 18h no WJCT Studios em 100 Festival Park Ave.<\/p>\n<p>Os painelistas incluem Coglianese, bem como a Diretora de Resili\u00eancia de St. Augustine, Jessica Beach, a Gerente de Sustentabilidade de Jacksonville, Ashantae Green, e a CEO do Conselho Regional do Nordeste da Fl\u00f3rida, Elizabeth Payne. O evento ser\u00e1 moderado por <em>Jacksonville hoje<\/em> editora J\u00e9ssica Palombo.<\/p>\n<p>Mais informa\u00e7\u00f5es est\u00e3o dispon\u00edveis <a href=\"https:\/\/wjct.org\/events\/adapt\/adapt-regional-resilience-in-action\/\" rel=\"nofollow noopener\" target=\"_blank\">aqui<\/a>.<\/p>\n<\/div>\n<p><br \/>\n<br \/><a href=\"https:\/\/jaxtoday.org\/2024\/10\/23\/jacksonville-resiliency-award\/\">Source link <\/a><\/p>","protected":false},"excerpt":{"rendered":"<p>Jacksonville foi homenageada com o Pr\u00eamio Nacional de Planejamento da American Planning Association por sua estrat\u00e9gia de resili\u00eancia com um ano de exist\u00eancia. O pr\u00e9mio reconhece uma comunidade que tomou&hellip;<\/p>","protected":false},"author":1,"featured_media":51233,"comment_status":"closed","ping_status":"open","sticky":false,"template":"","format":"standard","meta":{"content-type":"","footnotes":""},"categories":[1],"tags":[],"class_list":["post-51232","post","type-post","status-publish","format-standard","has-post-thumbnail","hentry","category-uncategorized"],"_links":{"self":[{"href":"https:\/\/tvbrazilusa.com\/pt\/wp-json\/wp\/v2\/posts\/51232","targetHints":{"allow":["GET"]}}],"collection":[{"href":"https:\/\/tvbrazilusa.com\/pt\/wp-json\/wp\/v2\/posts"}],"about":[{"href":"https:\/\/tvbrazilusa.com\/pt\/wp-json\/wp\/v2\/types\/post"}],"author":[{"embeddable":true,"href":"https:\/\/tvbrazilusa.com\/pt\/wp-json\/wp\/v2\/users\/1"}],"replies":[{"embeddable":true,"href":"https:\/\/tvbrazilusa.com\/pt\/wp-json\/wp\/v2\/comments?post=51232"}],"version-history":[{"count":1,"href":"https:\/\/tvbrazilusa.com\/pt\/wp-json\/wp\/v2\/posts\/51232\/revisions"}],"predecessor-version":[{"id":51234,"href":"https:\/\/tvbrazilusa.com\/pt\/wp-json\/wp\/v2\/posts\/51232\/revisions\/51234"}],"wp:featuredmedia":[{"embeddable":true,"href":"https:\/\/tvbrazilusa.com\/pt\/wp-json\/wp\/v2\/media\/51233"}],"wp:attachment":[{"href":"https:\/\/tvbrazilusa.com\/pt\/wp-json\/wp\/v2\/media?parent=51232"}],"wp:term":[{"taxonomy":"category","embeddable":true,"href":"https:\/\/tvbrazilusa.com\/pt\/wp-json\/wp\/v2\/categories?post=51232"},{"taxonomy":"post_tag","embeddable":true,"href":"https:\/\/tvbrazilusa.com\/pt\/wp-json\/wp\/v2\/tags?post=51232"}],"curies":[{"name":"wp","href":"https:\/\/api.w.org\/{rel}","templated":true}]}}