{"id":51238,"date":"2024-10-23T20:47:30","date_gmt":"2024-10-23T20:47:30","guid":{"rendered":"https:\/\/tvbrazilusa.com\/2024\/10\/23\/personal-trainer-e-morto-a-tiros-em-frente-a-sua-casa\/"},"modified":"2024-10-23T20:47:32","modified_gmt":"2024-10-23T20:47:32","slug":"personal-trainer-e-morto-a-tiros-em-frente-a-sua-casa","status":"publish","type":"post","link":"https:\/\/tvbrazilusa.com\/pt\/2024\/10\/23\/personal-trainer-e-morto-a-tiros-em-frente-a-sua-casa\/","title":{"rendered":"Personal trainer \u00e9 morto a tiros em frente \u00e0 sua casa"},"content":{"rendered":"<p> <script async src=\"https:\/\/pagead2.googlesyndication.com\/pagead\/js\/adsbygoogle.js?client=ca-pub-8864793242727901\"\r\n     crossorigin=\"anonymous\"><\/script><br \/>\n<\/p>\n<div>\n<figure class=\"post-image\">\n<\/figure>\n<p><span style=\"font-size: 12px\">Reprodu\u00e7\u00e3o\/Redes Sociais<\/span><\/p>\n<div id=\"taboola-read-more\" style=\"display:block; width:100%\">\n<p>O personal trainer Giovanny Diniz Carvalho, de 36 anos, foi brutalmente assassinado na noite da \u00faltima segunda-feira (21) em frente \u00e0 sua casa, na Vila Moc\u00f3, em Petrolina, Pernambuco. O crime chocou a comunidade local, especialmente pela viol\u00eancia envolvida. De acordo com a Pol\u00edcia Civil de Pernambuco, Giovanny foi alvejado por pelo menos sete tiros disparados por um homem encapuzado, que fugiu logo ap\u00f3s o ataque.\n<\/p>\n<p>Testemunhas contaram que a v\u00edtima ainda tentou se defender, mas n\u00e3o teve sucesso. O caso foi registrado como homic\u00eddio consumado, e a Delegacia de Homic\u00eddios de Petrolina j\u00e1 instaurou um inqu\u00e9rito para investigar as den\u00fancias do crime, que apresentam fortes acusa\u00e7\u00f5es de execu\u00e7\u00e3o. At\u00e9 o momento, as autoridades n\u00e3o divulgaram informa\u00e7\u00f5es sobre a poss\u00edvel motiva\u00e7\u00e3o ou identidade do autor do assassinato.<br \/>O assassinato de Giovanny ocorre apenas oito meses ap\u00f3s a tr\u00e1gica morte de sua esposa, tamb\u00e9m personal trainer, que faleceu em um acidente dom\u00e9stico ao sofrer um choque el\u00e9trico ao manusear um varal em sua casa. O casal deixa tr\u00eas filhos pequenos, de 1, 2 e 6 anos.<\/p>\n<p>Fonte: PortaltocaNews <\/p>\n<\/div>\n<div class=\"row mt-3\">\n<div class=\"col-sm-6\">\n<p><a href=\"https:\/\/chat.whatsapp.com\/J6hwSKYns5B0XFowx2wZ0P\" target=\"_blank\" rel=\"noopener\"><br \/>\n<img decoding=\"async\" src=\"https:\/\/diariodobrasilnoticias.com.br\/assets-site\/images\/bot_whatsapp.png\"\/><\/a>\n<\/div>\n<div class=\"col-sm-6\">\n<a href=\"https:\/\/t.me\/+_4gTmi5LKo03OTM5\" target=\"_blank\" rel=\"noopener\"><br \/>\n<img decoding=\"async\" src=\"https:\/\/diariodobrasilnoticias.com.br\/assets-site\/images\/bot_telegram.png\"\/><\/a>\n<\/div>\n<\/div>\n<\/div>\n<p><br \/>\n<br \/><a href=\"https:\/\/diariodobrasilnoticias.com.br\/noticia\/personal-trainer-e-morto-a-tiros-em-frente-a-sua-casa-67193ad810636\">Source link <\/a><\/p>","protected":false},"excerpt":{"rendered":"<p>Reprodu\u00e7\u00e3o\/Redes Sociais O personal trainer Giovanny Diniz Carvalho, de 36 anos, foi brutalmente assassinado na noite da \u00faltima segunda-feira (21) em frente \u00e0 sua casa, na Vila Moc\u00f3, em Petrolina,&hellip;<\/p>","protected":false},"author":1,"featured_media":51239,"comment_status":"closed","ping_status":"open","sticky":false,"template":"","format":"standard","meta":{"content-type":"","footnotes":""},"categories":[16],"tags":[123,2448,5313,1267],"class_list":["post-51238","post","type-post","status-publish","format-standard","has-post-thumbnail","hentry","category-noticias","tag-brasil","tag-diario","tag-noticia","tag-noticias"],"_links":{"self":[{"href":"https:\/\/tvbrazilusa.com\/pt\/wp-json\/wp\/v2\/posts\/51238","targetHints":{"allow":["GET"]}}],"collection":[{"href":"https:\/\/tvbrazilusa.com\/pt\/wp-json\/wp\/v2\/posts"}],"about":[{"href":"https:\/\/tvbrazilusa.com\/pt\/wp-json\/wp\/v2\/types\/post"}],"author":[{"embeddable":true,"href":"https:\/\/tvbrazilusa.com\/pt\/wp-json\/wp\/v2\/users\/1"}],"replies":[{"embeddable":true,"href":"https:\/\/tvbrazilusa.com\/pt\/wp-json\/wp\/v2\/comments?post=51238"}],"version-history":[{"count":1,"href":"https:\/\/tvbrazilusa.com\/pt\/wp-json\/wp\/v2\/posts\/51238\/revisions"}],"predecessor-version":[{"id":51240,"href":"https:\/\/tvbrazilusa.com\/pt\/wp-json\/wp\/v2\/posts\/51238\/revisions\/51240"}],"wp:featuredmedia":[{"embeddable":true,"href":"https:\/\/tvbrazilusa.com\/pt\/wp-json\/wp\/v2\/media\/51239"}],"wp:attachment":[{"href":"https:\/\/tvbrazilusa.com\/pt\/wp-json\/wp\/v2\/media?parent=51238"}],"wp:term":[{"taxonomy":"category","embeddable":true,"href":"https:\/\/tvbrazilusa.com\/pt\/wp-json\/wp\/v2\/categories?post=51238"},{"taxonomy":"post_tag","embeddable":true,"href":"https:\/\/tvbrazilusa.com\/pt\/wp-json\/wp\/v2\/tags?post=51238"}],"curies":[{"name":"wp","href":"https:\/\/api.w.org\/{rel}","templated":true}]}}