{"id":51277,"date":"2024-10-23T22:47:23","date_gmt":"2024-10-23T22:47:23","guid":{"rendered":"https:\/\/tvbrazilusa.com\/2024\/10\/23\/quem-era-o-atirador-que-matou-3-pessoas-e-feriu-9-veja\/"},"modified":"2024-10-23T22:47:24","modified_gmt":"2024-10-23T22:47:24","slug":"quem-era-o-atirador-que-matou-3-pessoas-e-feriu-9-veja","status":"publish","type":"post","link":"https:\/\/tvbrazilusa.com\/pt\/2024\/10\/23\/quem-era-o-atirador-que-matou-3-pessoas-e-feriu-9-veja\/","title":{"rendered":"Quem era o atirador, que matou 3 pessoas e feriu 9; VEJA"},"content":{"rendered":"<p> <script async src=\"https:\/\/pagead2.googlesyndication.com\/pagead\/js\/adsbygoogle.js?client=ca-pub-8864793242727901\"\r\n     crossorigin=\"anonymous\"><\/script><br \/>\n<\/p>\n<div id=\"taboola-read-more\" style=\"display:block; width:100%\">\n<p>Edson Fernando Crippa, o atirador de 45 anos que baleou 12 pessoas e matou tr\u00eas em Novo Hamburgo, no Rio Grande do Sul, pertencia ao grupo de Colecionador, Atirador Desportivo e Ca\u00e7ador (CAC), al\u00e9m de ter hist\u00f3rico de esquizofrenia.\n<\/p>\n<p>Ele possu\u00eda tr\u00eas registros para posse de armas, na Pol\u00edcia Federal e no Ex\u00e9rcito, e todas as suas armas estavam registradas. A legisla\u00e7\u00e3o exige laudo psicol\u00f3gico para CACs que ateste que a pessoa tem condi\u00e7\u00f5es de adquirir uma arma.<\/p>\n<p>No entanto, Crippa j\u00e1 teve quatro interna\u00e7\u00f5es por esquizofrenia, as quais a pol\u00edcia diz n\u00e3o ter identificado se ocorreram antes ou depois do registro das armas.\n<\/p>\n<p>\u2013 Estamos apurando informa\u00e7\u00f5es de que seja um problema familiar, tanto dele quanto do pai, de esquizofrenia. Mais detalhes ser\u00e3o apurados \u2013 disse o delegado Fernando Sodr\u00e9, chefe da Pol\u00edcia Civil do estado.\n<\/p>\n<p>\u2013 Qualquer um sabe que ao dar uma arma na m\u00e3o de algu\u00e9m com esquizofrenia, uma trag\u00e9dia vai acontecer \u2013 apontou o secret\u00e1rio de Seguran\u00e7a P\u00fablica, Sandro Caron de Moraes.\n<\/p>\n<p>O atirador n\u00e3o tinha antecedentes criminais, mas j\u00e1 teve um boletim de ocorr\u00eancia registrado em 2021 por amea\u00e7a. A pol\u00edcia investiga as motiva\u00e7\u00f5es do crime e a rela\u00e7\u00e3o do atirador com grupos de tiros.\n<\/p>\n<p>Dentro do im\u00f3vel, os policiais encontraram farta muni\u00e7\u00e3o: duas pistolas, uma calibre 9 mm e uma calibre.380, e mais duas carabinas. O delegado Fernando Sodr\u00e9, comparou o local a um \u201ccen\u00e1rio de guerra\u201d.\n<\/p>\n<p>J\u00e1 Claudio Feoli, comandante-geral da Brigada Militar, destacou a resist\u00eancia de Crippa.\n<\/p>\n<p>\u2013 Tenho 34 anos de Brigada Militar e at\u00e9 hoje n\u00e3o vi ocorr\u00eancia com resist\u00eancia t\u00e3o feroz de um atirador, municiado com centenas de estoques. Ele deu mais de 100 tiros, al\u00e9m das centenas de muni\u00e7\u00f5es intactas apreendidas na resid\u00eancia. A ocorr\u00eancia toda foi extremamente complexa, diante da resist\u00eancia dele, mas em especial a retirada das pessoas \u2013 relatou.\n<\/p>\n<p>O CASO<br \/>Edson Fernando Crippa, foi encontrado morto nesta quarta-feira (23) ap\u00f3s matar tr\u00eas pessoas, entre elas o pai e o irm\u00e3o, e ferir v\u00e1rias outras a tiros em Novo Hamburgo, na regi\u00e3o do Vale dos Sinos, no Rio Grande do Sul. O ataque foi iniciado por volta das 23h desta ter\u00e7a (22) em uma resid\u00eancia na Rua Adolfo Jaeger, no bairro Ouro Branco.\n<\/p>\n<p>O pai do homem, Eugenio Crippa, de 74 anos, o irm\u00e3o de Edson Fernando, Everton Crippa, 49 anos, e um policial militar, \u00c9verton Kirsch J\u00fanior, de 31 anos, est\u00e3o entre os mortos. H\u00e1 ainda pelo menos nove feridos, que incluem familiares de Edson e policiais.\n<\/p>\n<p>A Brigada Militar fez, ao longo da madrugada, cerco ao local onde Crippa mantinha os pais em c\u00e1rcere privado e resistia \u00e0 pris\u00e3o. Ao perceber a presen\u00e7a dos policiais, Crippa abriu fogo contra a guarni\u00e7\u00e3o da pol\u00edcia, iniciando o confronto.\n<\/p>\n<p>As resid\u00eancias de vizinhos foram evacuadas como medida de precau\u00e7\u00e3o para a negocia\u00e7\u00e3o. Segundo a Brigada Militar (BM), o suspeito teria abatido, a tiros, dois drones que estavam sendo usados durante a a\u00e7\u00e3o policial.\n<\/p>\n<p>Ainda de acordo com a pol\u00edcia, o homem reagiu de forma violenta \u00e0 abordagem policial, abrindo fogo contra os agentes. A equipe havia sido acionada para verificar uma den\u00fancia de que um casal de idosos estava sendo mantido em c\u00e1rcere privado em sua pr\u00f3pria resid\u00eancia.\n<\/p>\n<p>A morte de Edson foi atestada por m\u00e9dicos do Samu ap\u00f3s Crippa ser encontrado desacordado pela Brigada Militar depois de os agentes entrarem na casa nesta quarta. A causa da morte ainda n\u00e3o foi informada e a per\u00edcia ser\u00e1 realizada nesta manh\u00e3.\n<\/p>\n<p>Fonte: Pleno News <\/p>\n<\/div>\n<p><br \/>\n<br \/><a href=\"https:\/\/diariodobrasilnoticias.com.br\/noticia\/quem-era-o-atirador-que-matou-3-pessoas-e-feriu-9-veja-6719597387b6b\">Source link <\/a><\/p>","protected":false},"excerpt":{"rendered":"<p>Edson Fernando Crippa, o atirador de 45 anos que baleou 12 pessoas e matou tr\u00eas em Novo Hamburgo, no Rio Grande do Sul, pertencia ao grupo de Colecionador, Atirador Desportivo&hellip;<\/p>","protected":false},"author":1,"featured_media":51278,"comment_status":"closed","ping_status":"open","sticky":false,"template":"","format":"standard","meta":{"content-type":"","footnotes":""},"categories":[16],"tags":[123,2448,5313,1267],"class_list":["post-51277","post","type-post","status-publish","format-standard","has-post-thumbnail","hentry","category-noticias","tag-brasil","tag-diario","tag-noticia","tag-noticias"],"_links":{"self":[{"href":"https:\/\/tvbrazilusa.com\/pt\/wp-json\/wp\/v2\/posts\/51277","targetHints":{"allow":["GET"]}}],"collection":[{"href":"https:\/\/tvbrazilusa.com\/pt\/wp-json\/wp\/v2\/posts"}],"about":[{"href":"https:\/\/tvbrazilusa.com\/pt\/wp-json\/wp\/v2\/types\/post"}],"author":[{"embeddable":true,"href":"https:\/\/tvbrazilusa.com\/pt\/wp-json\/wp\/v2\/users\/1"}],"replies":[{"embeddable":true,"href":"https:\/\/tvbrazilusa.com\/pt\/wp-json\/wp\/v2\/comments?post=51277"}],"version-history":[{"count":1,"href":"https:\/\/tvbrazilusa.com\/pt\/wp-json\/wp\/v2\/posts\/51277\/revisions"}],"predecessor-version":[{"id":51279,"href":"https:\/\/tvbrazilusa.com\/pt\/wp-json\/wp\/v2\/posts\/51277\/revisions\/51279"}],"wp:featuredmedia":[{"embeddable":true,"href":"https:\/\/tvbrazilusa.com\/pt\/wp-json\/wp\/v2\/media\/51278"}],"wp:attachment":[{"href":"https:\/\/tvbrazilusa.com\/pt\/wp-json\/wp\/v2\/media?parent=51277"}],"wp:term":[{"taxonomy":"category","embeddable":true,"href":"https:\/\/tvbrazilusa.com\/pt\/wp-json\/wp\/v2\/categories?post=51277"},{"taxonomy":"post_tag","embeddable":true,"href":"https:\/\/tvbrazilusa.com\/pt\/wp-json\/wp\/v2\/tags?post=51277"}],"curies":[{"name":"wp","href":"https:\/\/api.w.org\/{rel}","templated":true}]}}