{"id":5128,"date":"2024-07-21T16:57:15","date_gmt":"2024-07-21T16:57:15","guid":{"rendered":"https:\/\/tvbrazilusa.com\/2024\/07\/21\/pf-vai-investigar-indicados-de-lula-para-abin\/"},"modified":"2024-07-21T17:00:00","modified_gmt":"2024-07-21T17:00:00","slug":"pf-vai-investigar-indicados-de-lula-para-abin","status":"publish","type":"post","link":"https:\/\/tvbrazilusa.com\/pt\/2024\/07\/21\/pf-vai-investigar-indicados-de-lula-para-abin\/","title":{"rendered":"PF vai investigar indicados de Lula para Abin"},"content":{"rendered":"<p> <script async src=\"https:\/\/pagead2.googlesyndication.com\/pagead\/js\/adsbygoogle.js?client=ca-pub-8864793242727901\"\r\n     crossorigin=\"anonymous\"><\/script><br \/>\n<\/p>\n<div>\n<p>Ap\u00f3s investiga\u00e7\u00f5es dos diretores da Ag\u00eancia Brasileira de Intelig\u00eancia (Abin) durante o governo Jair Bolsonaro, a PF agora volta sua aten\u00e7\u00e3o para a lideran\u00e7a da ag\u00eancia nomeada na gest\u00e3o Lula.<\/p>\n<p>Com o desenvolvimento das investiga\u00e7\u00f5es, a expectativa \u00e9 entender como a atual c\u00fapula da Abin, escolhida pelo presidente Lula, pode estar envolvida. O alvo \u00e9 descobrir se existe um \u201cconluio\u201d entre os l\u00edderes atuais e os membros anteriores da ag\u00eancia, que poderia interferir nas investiga\u00e7\u00f5es sobre pr\u00e1ticas ilegais de vigil\u00e2ncia.<\/p>\n<h2 class=\"wp-block-heading\">O que se espera descobrir com a nova fase da investiga\u00e7\u00e3o da Abin?<\/h2>\n<p>Um dos principais focos do inqu\u00e9rito, conhecido como \u201cFirstMile\u201d, envolve um software supostamente utilizado para espionar advers\u00e1rios pol\u00edticos durante o governo anterior. A suspeita \u00e9 que a nova gest\u00e3o da Abin esteja tentando obstruir o esclarecimento do caso.<\/p>\n<p>A aten\u00e7\u00e3o do Supremo Tribunal Federal (STF) e da Procuradoria-Geral da Rep\u00fablica (PGR) est\u00e1 voltada para a situa\u00e7\u00e3o, proporcionando uma fiscaliza\u00e7\u00e3o r\u00edgida sobre o processo. O ministro Alexandre de Moraes, relator do caso, juntamente com a PGR, demonstrou preocupa\u00e7\u00e3o com as manobras internas na Abin, negando, incluso, o pedido de compartilhamento das investiga\u00e7\u00f5es com a atual corregedoria da ag\u00eancia. Isso sugere uma profunda desconfian\u00e7a na autonomia e na transpar\u00eancia da institui\u00e7\u00e3o sob a nova gest\u00e3o.<\/p>\n<\/p><\/div>\n<p><br \/>\n<br \/><a href=\"https:\/\/terrabrasilnoticias.com\/2024\/07\/pf-vai-investigar-indicados-de-lula-para-abin\/\">Source link <\/a><\/p>","protected":false},"excerpt":{"rendered":"<p>Ap\u00f3s investiga\u00e7\u00f5es dos diretores da Ag\u00eancia Brasileira de Intelig\u00eancia (Abin) durante o governo Jair Bolsonaro, a PF agora volta sua aten\u00e7\u00e3o para a lideran\u00e7a da ag\u00eancia nomeada na gest\u00e3o Lula.&hellip;<\/p>","protected":false},"author":1,"featured_media":5129,"comment_status":"closed","ping_status":"open","sticky":false,"template":"","format":"standard","meta":{"content-type":"","footnotes":""},"categories":[16],"tags":[],"class_list":["post-5128","post","type-post","status-publish","format-standard","has-post-thumbnail","hentry","category-noticias"],"_links":{"self":[{"href":"https:\/\/tvbrazilusa.com\/pt\/wp-json\/wp\/v2\/posts\/5128","targetHints":{"allow":["GET"]}}],"collection":[{"href":"https:\/\/tvbrazilusa.com\/pt\/wp-json\/wp\/v2\/posts"}],"about":[{"href":"https:\/\/tvbrazilusa.com\/pt\/wp-json\/wp\/v2\/types\/post"}],"author":[{"embeddable":true,"href":"https:\/\/tvbrazilusa.com\/pt\/wp-json\/wp\/v2\/users\/1"}],"replies":[{"embeddable":true,"href":"https:\/\/tvbrazilusa.com\/pt\/wp-json\/wp\/v2\/comments?post=5128"}],"version-history":[{"count":1,"href":"https:\/\/tvbrazilusa.com\/pt\/wp-json\/wp\/v2\/posts\/5128\/revisions"}],"predecessor-version":[{"id":5130,"href":"https:\/\/tvbrazilusa.com\/pt\/wp-json\/wp\/v2\/posts\/5128\/revisions\/5130"}],"wp:featuredmedia":[{"embeddable":true,"href":"https:\/\/tvbrazilusa.com\/pt\/wp-json\/wp\/v2\/media\/5129"}],"wp:attachment":[{"href":"https:\/\/tvbrazilusa.com\/pt\/wp-json\/wp\/v2\/media?parent=5128"}],"wp:term":[{"taxonomy":"category","embeddable":true,"href":"https:\/\/tvbrazilusa.com\/pt\/wp-json\/wp\/v2\/categories?post=5128"},{"taxonomy":"post_tag","embeddable":true,"href":"https:\/\/tvbrazilusa.com\/pt\/wp-json\/wp\/v2\/tags?post=5128"}],"curies":[{"name":"wp","href":"https:\/\/api.w.org\/{rel}","templated":true}]}}