{"id":51286,"date":"2024-10-23T23:28:44","date_gmt":"2024-10-23T23:28:44","guid":{"rendered":"https:\/\/tvbrazilusa.com\/2024\/10\/23\/fundo-monetario-internacional-projeta-aumento-da-divida-publica-do-brasil\/"},"modified":"2024-10-23T23:28:45","modified_gmt":"2024-10-23T23:28:45","slug":"fundo-monetario-internacional-projeta-aumento-da-divida-publica-do-brasil","status":"publish","type":"post","link":"https:\/\/tvbrazilusa.com\/pt\/2024\/10\/23\/fundo-monetario-internacional-projeta-aumento-da-divida-publica-do-brasil\/","title":{"rendered":"Fundo Monet\u00e1rio Internacional projeta aumento da d\u00edvida p\u00fablica do Brasil"},"content":{"rendered":"<p> <script async src=\"https:\/\/pagead2.googlesyndication.com\/pagead\/js\/adsbygoogle.js?client=ca-pub-8864793242727901\"\r\n     crossorigin=\"anonymous\"><\/script><br \/>\n<\/p>\n<div id=\"taboola-read-more\" style=\"display:block; width:100%\">\n<p>O Fundo Monet\u00e1rio Internacional (FMI) projetou, nesta quarta-feira, 23, um cen\u00e1rio negativo para as contas p\u00fablicas do Brasil. O temor do \u00f3rg\u00e3o cresceu por causa da imprevisibilidade fiscal do governo do presidente Luiz In\u00e1cio Lula da Silva.\n<\/p>\n<p>Com cen\u00e1rio incerto, o FMI argumentou que as contas devem ter um super\u00e1vit prim\u00e1rio somente a partir de 2027.<\/p>\n<p>Durante o terceiro mandato do petista, as previs\u00f5es do FMI mostraram um crescimento de mais de 10% no peso da d\u00edvida p\u00fablica do Produto Interno Bruto (PIB) do Brasil. Al\u00e9m disso, reduziram as chances de o governo conseguir entregar uma administra\u00e7\u00e3o financeiramente organizada at\u00e9 o fim de 2026.\n<\/p>\n<p>As proje\u00e7\u00f5es do FMI tamb\u00e9m mostraram que o atual governo deve finalizar a gest\u00e3o com a d\u00edvida p\u00fablica em 94,7% do PIB. Em 2022, o ex-presidente Jair Bolsonaro deixou o governo com d\u00edvida em 83,9%.\n<\/p>\n<p>Caso a previs\u00e3o seja concretizada, haver\u00e1 uma piora de 10,8% no indicador. Trata-se de um dado que investidores utilizam para decidir se v\u00e3o injetar recursos em determinados pa\u00edses.\n<\/p>\n<p>As expectativas fiscais do FMI tamb\u00e9m marcariam o pior momento econ\u00f4mico do pa\u00eds desde 2020. Na ocasi\u00e3o, o mundo todo sofreu com consequ\u00eancia da pandemia da covid-19.\n<\/p>\n<p>FMI atesta piora da economia do Brasil<br \/>As proje\u00e7\u00f5es do FMI apareceram no relat\u00f3rio Monitor Fiscal. As reuni\u00f5es anuais do fundo ocorrem durante esta semana, em Washington.\n<\/p>\n<p>O \u00f3rg\u00e3o relatou que a piora deve ocorrer gradualmente. A expectativa \u00e9 que o governo Lula termine 2024 com a d\u00edvida em 87,6% do PIB \u2014 ante os 86,7% projetados em abril. No pr\u00f3ximo ano, o indicador deve chegar a 92%.\n<\/p>\n<p>De acordo com as previs\u00f5es do FMI para 2024, a d\u00edvida do Brasil s\u00f3 perde para os seguintes pa\u00edses: China, Egito, Ucr\u00e2nia, Bahrein e Argentina.\n<\/p>\n<p>Fonte: Revista Oeste <\/p>\n<\/div>\n<p><br \/>\n<br \/><a href=\"https:\/\/diariodobrasilnoticias.com.br\/noticia\/fundo-monetario-internacional-projeta-aumento-da-divida-publica-do-brasil-671969de9f40e\">Source link <\/a><\/p>","protected":false},"excerpt":{"rendered":"<p>O Fundo Monet\u00e1rio Internacional (FMI) projetou, nesta quarta-feira, 23, um cen\u00e1rio negativo para as contas p\u00fablicas do Brasil. O temor do \u00f3rg\u00e3o cresceu por causa da imprevisibilidade fiscal do governo&hellip;<\/p>","protected":false},"author":1,"featured_media":51287,"comment_status":"closed","ping_status":"open","sticky":false,"template":"","format":"standard","meta":{"content-type":"","footnotes":""},"categories":[16],"tags":[123,2448,5313,1267],"class_list":["post-51286","post","type-post","status-publish","format-standard","has-post-thumbnail","hentry","category-noticias","tag-brasil","tag-diario","tag-noticia","tag-noticias"],"_links":{"self":[{"href":"https:\/\/tvbrazilusa.com\/pt\/wp-json\/wp\/v2\/posts\/51286","targetHints":{"allow":["GET"]}}],"collection":[{"href":"https:\/\/tvbrazilusa.com\/pt\/wp-json\/wp\/v2\/posts"}],"about":[{"href":"https:\/\/tvbrazilusa.com\/pt\/wp-json\/wp\/v2\/types\/post"}],"author":[{"embeddable":true,"href":"https:\/\/tvbrazilusa.com\/pt\/wp-json\/wp\/v2\/users\/1"}],"replies":[{"embeddable":true,"href":"https:\/\/tvbrazilusa.com\/pt\/wp-json\/wp\/v2\/comments?post=51286"}],"version-history":[{"count":1,"href":"https:\/\/tvbrazilusa.com\/pt\/wp-json\/wp\/v2\/posts\/51286\/revisions"}],"predecessor-version":[{"id":51288,"href":"https:\/\/tvbrazilusa.com\/pt\/wp-json\/wp\/v2\/posts\/51286\/revisions\/51288"}],"wp:featuredmedia":[{"embeddable":true,"href":"https:\/\/tvbrazilusa.com\/pt\/wp-json\/wp\/v2\/media\/51287"}],"wp:attachment":[{"href":"https:\/\/tvbrazilusa.com\/pt\/wp-json\/wp\/v2\/media?parent=51286"}],"wp:term":[{"taxonomy":"category","embeddable":true,"href":"https:\/\/tvbrazilusa.com\/pt\/wp-json\/wp\/v2\/categories?post=51286"},{"taxonomy":"post_tag","embeddable":true,"href":"https:\/\/tvbrazilusa.com\/pt\/wp-json\/wp\/v2\/tags?post=51286"}],"curies":[{"name":"wp","href":"https:\/\/api.w.org\/{rel}","templated":true}]}}