{"id":51291,"date":"2024-10-23T23:42:08","date_gmt":"2024-10-23T23:42:08","guid":{"rendered":"https:\/\/tvbrazilusa.com\/2024\/10\/23\/dolar-encerra-o-dia-em-leve-queda-apos-declaracoes-do-diretor-do-banco-central\/"},"modified":"2024-10-23T23:42:09","modified_gmt":"2024-10-23T23:42:09","slug":"dolar-encerra-o-dia-em-leve-queda-apos-declaracoes-do-diretor-do-banco-central","status":"publish","type":"post","link":"https:\/\/tvbrazilusa.com\/pt\/2024\/10\/23\/dolar-encerra-o-dia-em-leve-queda-apos-declaracoes-do-diretor-do-banco-central\/","title":{"rendered":"D\u00f3lar encerra o dia em leve queda ap\u00f3s declara\u00e7\u00f5es do diretor do Banco Central"},"content":{"rendered":"<p> <script async src=\"https:\/\/pagead2.googlesyndication.com\/pagead\/js\/adsbygoogle.js?client=ca-pub-8864793242727901\"\r\n     crossorigin=\"anonymous\"><\/script><br \/>\n<\/p>\n<div id=\"taboola-read-more\" style=\"display:block; width:100%\">\n<p>O d\u00f3lar fechou em queda de 0,08%, a R$ 5,69, nesta quarta-feira (23\/10). Os investidores repercutiram as declara\u00e7\u00f5es duras do diretor do Banco Central (BC), Paulo Picchetti. Em evento em Washington, nos Estados Unidos, ele afirmou que a infla\u00e7\u00e3o vinha em processo de desacelera\u00e7\u00e3o, mas tem estabilizado em patamar acima da meta, deixando as preocupa\u00e7\u00f5es fiscais no radar.\n<\/p>\n<p>\u201cEstamos em um per\u00edodo que eu caracterizaria como transi\u00e7\u00e3o de regime, e neste per\u00edodo \u00e9 muito, muito dif\u00edcil avaliar exatamente onde voc\u00ea est\u00e1 chegando. Nessas situa\u00e7\u00f5es, a volatilidade e a incerteza est\u00e3o obviamente aumentando, e escolhemos ser completamente dependentes de dados em rela\u00e7\u00e3o aos nossos pr\u00f3ximos passos\u201d, disse.<\/p>\n<p>De acordo com o Boletim Focus, a mediana de expectativas para o \u00cdndice Nacional de Pre\u00e7os ao Consumidor Amplo (IPCA) ficou em 4,50% em 2024, no teto do intervalo de toler\u00e2ncia da meta de infla\u00e7\u00e3o. A meta \u00e9 de 3%.\n<\/p>\n<p>Presente no mesmo evento, o presidente do Banco Central (BC), Roberto Campos Neto, disse que a infla\u00e7\u00e3o impl\u00edcita est\u00e1 piorando no Brasil, enquanto o pr\u00eamio de risco est\u00e1 aumentando, mas afirmou que tem trabalhado para atingir a meta.\n<\/p>\n<p>\u201cPara n\u00f3s, a mensagem importante \u00e9 que precisamos levar a infla\u00e7\u00e3o para a meta\u201d, afirmou o presidente do BC. \u201cEsse \u00e9 nosso foco e essa \u00e9 nossa miss\u00e3o\u201d, complementou.\n<\/p>\n<p>Ele tamb\u00e9m comentou que os ciclos de pol\u00edtica monet\u00e1ria s\u00e3o diferentes e que \u201cobviamente baixar os juros \u00e9 mais f\u00e1cil do que elevar juros, todo banco central sabe disso\u201d, afirmou.\n<\/p>\n<p>\u201cA mensagem \u00e9 que vamos trabalhar para atingir a meta\u201d, acrescentou o presidente do BC. Segundo ele, a \u201ceconomia surpreendeu, o mercado de trabalho surpreendeu, reconhecemos que o hiato mudou e nossas proje\u00e7\u00f5es mudaram\u201d.\n<\/p>\n<p>O mercado tamb\u00e9m repercutiu as falas do presidente Luiz In\u00e1cio Lula da Silva (PT) durante discurso na 16\u00aa C\u00fapula do Brics em Kazan, na R\u00fassia. O presidente fez um discurso curto, abordou temas frequentes nas suas \u00faltimas participa\u00e7\u00f5es em f\u00f3runs internacionais, e voltou a defender a proposta de taxa\u00e7\u00e3o dos super-ricos.\n<\/p>\n<p>Lula destacou a Alian\u00e7a Global contra a Fome e a Pobreza, outra prioridade brasileira no G20. \u201cConvido todos a se somarem \u00e0 iniciativa, que nasceu no G20, mas est\u00e1 aberta a outros participantes\u201d, refor\u00e7ou.\n<\/p>\n<p>O presidente cobrou o compromisso de pa\u00edses ricos por a\u00e7\u00f5es para combater os efeitos das mudan\u00e7as clim\u00e1ticas no mundo. \u201c\u00c9 preciso ir al\u00e9m dos 100 bilh\u00f5es anuais prometidos e n\u00e3o cumpridos, e fortalecer medidas de monitoramento dos compromissos assumidos\u201d, pontuou Lula.\n<\/p>\n<p>Pressionado pela queda das commodities no mercado internacional, o Ibovespa recuou no in\u00edcio da tarde, e fechou em queda de 0,64%, aos 129.119 pontos.\n<\/p>\n<p>L\u00e1 fora, a corrida presidencial dos Estados Unidos segue no foco. As aten\u00e7\u00f5es tamb\u00e9m se voltaram para os novos dados econ\u00f4micos do pa\u00eds. Segundo o Livro Bege, que re\u00fane informa\u00e7\u00f5es sobre a economia, os distritos do Federal Reserve (Fed), demonstraram um pouco mais de otimismo sobre a perspectiva de longo prazo. E, embora as incertezas ainda estivessem elevadas, h\u00e1 um ligeiro aumento do n\u00edvel de emprego nos EUA.\n<\/p>\n<p>\u201cMuitos distritos relataram baixa rotatividade de funcion\u00e1rios e as demiss\u00f5es permaneceram limitadas. A demanda por trabalhadores diminuiu um pouco, com as contrata\u00e7\u00f5es focadas, principalmente, na substitui\u00e7\u00e3o, e n\u00e3o no aumento (das equipes). A disponibilidade de trabalhadores melhorou, j\u00e1 que muitos empres\u00e1rios relataram que ficou mais f\u00e1cil encontrar os trabalhadores que precisam\u201d, aponta o Livro Bege.\n<\/p>\n<p>Fonte: Metr\u00f3poles <\/p>\n<\/div>\n<p><br \/>\n<br \/><a href=\"https:\/\/diariodobrasilnoticias.com.br\/noticia\/dolar-encerra-o-dia-em-leve-queda-apos-declaracoes-do-diretor-do-banco-central-6719694ee47f1\">Source link <\/a><\/p>","protected":false},"excerpt":{"rendered":"<p>O d\u00f3lar fechou em queda de 0,08%, a R$ 5,69, nesta quarta-feira (23\/10). Os investidores repercutiram as declara\u00e7\u00f5es duras do diretor do Banco Central (BC), Paulo Picchetti. Em evento em&hellip;<\/p>","protected":false},"author":1,"featured_media":51292,"comment_status":"closed","ping_status":"open","sticky":false,"template":"","format":"standard","meta":{"content-type":"","footnotes":""},"categories":[16],"tags":[123,2448,5313,1267],"class_list":["post-51291","post","type-post","status-publish","format-standard","has-post-thumbnail","hentry","category-noticias","tag-brasil","tag-diario","tag-noticia","tag-noticias"],"_links":{"self":[{"href":"https:\/\/tvbrazilusa.com\/pt\/wp-json\/wp\/v2\/posts\/51291","targetHints":{"allow":["GET"]}}],"collection":[{"href":"https:\/\/tvbrazilusa.com\/pt\/wp-json\/wp\/v2\/posts"}],"about":[{"href":"https:\/\/tvbrazilusa.com\/pt\/wp-json\/wp\/v2\/types\/post"}],"author":[{"embeddable":true,"href":"https:\/\/tvbrazilusa.com\/pt\/wp-json\/wp\/v2\/users\/1"}],"replies":[{"embeddable":true,"href":"https:\/\/tvbrazilusa.com\/pt\/wp-json\/wp\/v2\/comments?post=51291"}],"version-history":[{"count":1,"href":"https:\/\/tvbrazilusa.com\/pt\/wp-json\/wp\/v2\/posts\/51291\/revisions"}],"predecessor-version":[{"id":51293,"href":"https:\/\/tvbrazilusa.com\/pt\/wp-json\/wp\/v2\/posts\/51291\/revisions\/51293"}],"wp:featuredmedia":[{"embeddable":true,"href":"https:\/\/tvbrazilusa.com\/pt\/wp-json\/wp\/v2\/media\/51292"}],"wp:attachment":[{"href":"https:\/\/tvbrazilusa.com\/pt\/wp-json\/wp\/v2\/media?parent=51291"}],"wp:term":[{"taxonomy":"category","embeddable":true,"href":"https:\/\/tvbrazilusa.com\/pt\/wp-json\/wp\/v2\/categories?post=51291"},{"taxonomy":"post_tag","embeddable":true,"href":"https:\/\/tvbrazilusa.com\/pt\/wp-json\/wp\/v2\/tags?post=51291"}],"curies":[{"name":"wp","href":"https:\/\/api.w.org\/{rel}","templated":true}]}}