{"id":51297,"date":"2024-10-24T00:11:59","date_gmt":"2024-10-24T00:11:59","guid":{"rendered":"https:\/\/tvbrazilusa.com\/2024\/10\/24\/estamos-varrendo-a-esquerda-de-sao-paulo-diz-tarcisio\/"},"modified":"2024-10-24T00:12:00","modified_gmt":"2024-10-24T00:12:00","slug":"estamos-varrendo-a-esquerda-de-sao-paulo-diz-tarcisio","status":"publish","type":"post","link":"https:\/\/tvbrazilusa.com\/pt\/2024\/10\/24\/estamos-varrendo-a-esquerda-de-sao-paulo-diz-tarcisio\/","title":{"rendered":"&#8216;Estamos varrendo a esquerda de S\u00e3o Paulo&#8217;, diz Tarc\u00edsio"},"content":{"rendered":"<p> <script async src=\"https:\/\/pagead2.googlesyndication.com\/pagead\/js\/adsbygoogle.js?client=ca-pub-8864793242727901\"\r\n     crossorigin=\"anonymous\"><\/script><br \/>\n<\/p>\n<div id=\"taboola-read-more\" style=\"display:block; width:100%\">\n<p>O governador de S\u00e3o Paulo, Tarc\u00edsio de Freitas, afirmou, durante um almo\u00e7o de campanha, que a direita est\u00e1 \u201cvarrendo\u201d a esquerda do Estado de S\u00e3o Paulo. Ele deu a declara\u00e7\u00e3o na ter\u00e7a-feira 22, em uma coletiva de imprensa, junto do ex-presidente Jair Bolsonaro e do prefeito da capital paulista, Ricardo Nunes (MDB). O emedebista tenta a reelei\u00e7\u00e3o e disputa o segundo turno contra o deputado federal Guilherme Boulos (Psol).\n<\/p>\n<p>O evento ocorreu em um restaurante no Morumbi, na zona sul de S\u00e3o Paulo. A fala de Tarc\u00edsio surgiu enquanto ele mencionava o saldo de sua primeira campanha como cabo eleitoral de aliados no interior, no litoral e na capital do Estado de S\u00e3o Paulo.<\/p>\n<p><strong>\u201cO PT fez tr\u00eas prefeituras das 645 de S\u00e3o Paulo\u201d, disse o governador. \u201cLucian\u00f3polis, sabe quantos habitantes tem l\u00e1? S\u00e3o 2,2 mil habitantes. Santa L\u00facia tem 8 mil. E Mat\u00e3o, com 79 mil. De 645 munic\u00edpios, o PT disputa tr\u00eas segundos turnos e, se Deus quiser, ser\u00e1 derrotado em pelo menos dois deles. Ent\u00e3o, acho que o saldo \u00e9 extremamente positivo, estamos varrendo a esquerda do Estado de S\u00e3o Paulo.\u201d<\/strong>\n<\/p>\n<p>O governador, dessa forma, mencionou as tr\u00eas cidades paulistas em que o PT elegeu prefeitos no primeiro turno: Lucian\u00f3polis, Santa L\u00facia e Mat\u00e3o. Em Santa L\u00facia, ali\u00e1s, o petista J\u00fanior da Farm\u00e1cia foi o \u00fanico candidato a prefeito.\n<\/p>\n<p>Os tr\u00eas munic\u00edpios em que o PT segue vivo no segundo turno no Estado s\u00e3o Diadema (Jos\u00e9 Filippi J\u00fanior), Mau\u00e1 (Marcelo Oliveira) e Sumar\u00e9 (Willian Souza).\n<\/p>\n<p>Bolsonaro volta a manifestar apoio a Nunes e \u00e9 exaltado por Tarc\u00edsio<br \/>No mesmo almo\u00e7o, Bolsonaro voltou a declarar apoio a Ricardo Nunes. No evento, Tarc\u00edsio exaltou o ex-chefe do Executivo federal. O governador, que ocupou o cargo de ministro da Infraestrutura durante o governo Bolsonaro, disse que \u201cdeve tudo\u201d ao ex-presidente.\n<\/p>\n<p>A cerim\u00f4nia ocorreu a cinco dias do segundo turno das elei\u00e7\u00f5es municipais. Estiveram presentes empres\u00e1rios, convidados e parlamentares.\n<\/p>\n<p>\u201cRejei\u00e7\u00e3o a Guilherme Boulos (Psol) se mant\u00e9m em quase 50%\u201d<br \/>Tamb\u00e9m compareceram o presidente nacional do Movimento Democr\u00e1tico Brasileiro (MDB), Baleia Rossi, o ex-presidente Michel Temer e o ex-prefeito de S\u00e3o Paulo e presidente do Partido Social Democr\u00e1tico (PSD), Gilberto Kassab. Cerca de 500 pessoas foram ao evento.\n<\/p>\n<p>De acordo com o levantamento divulgado pelo Paran\u00e1 Pesquisas nesta ter\u00e7a-feira, 22, Ricardo Nunes lidera, com 51,7% das inten\u00e7\u00f5es de voto. Boulos aparece com 39,6%, conforme dados do cen\u00e1rio estimulado.\n<\/p>\n<p>Fonte: Revista Oeste <\/p>\n<\/div>\n<p><br \/>\n<br \/><a href=\"https:\/\/diariodobrasilnoticias.com.br\/noticia\/-estamos-varrendo-a-esquerda-de-sao-paulo-diz-tarcisio-67196b2b249bb\">Source link <\/a><\/p>","protected":false},"excerpt":{"rendered":"<p>O governador de S\u00e3o Paulo, Tarc\u00edsio de Freitas, afirmou, durante um almo\u00e7o de campanha, que a direita est\u00e1 \u201cvarrendo\u201d a esquerda do Estado de S\u00e3o Paulo. Ele deu a declara\u00e7\u00e3o&hellip;<\/p>","protected":false},"author":1,"featured_media":51298,"comment_status":"closed","ping_status":"open","sticky":false,"template":"","format":"standard","meta":{"content-type":"","footnotes":""},"categories":[16],"tags":[123,2448,5313,1267],"class_list":["post-51297","post","type-post","status-publish","format-standard","has-post-thumbnail","hentry","category-noticias","tag-brasil","tag-diario","tag-noticia","tag-noticias"],"_links":{"self":[{"href":"https:\/\/tvbrazilusa.com\/pt\/wp-json\/wp\/v2\/posts\/51297","targetHints":{"allow":["GET"]}}],"collection":[{"href":"https:\/\/tvbrazilusa.com\/pt\/wp-json\/wp\/v2\/posts"}],"about":[{"href":"https:\/\/tvbrazilusa.com\/pt\/wp-json\/wp\/v2\/types\/post"}],"author":[{"embeddable":true,"href":"https:\/\/tvbrazilusa.com\/pt\/wp-json\/wp\/v2\/users\/1"}],"replies":[{"embeddable":true,"href":"https:\/\/tvbrazilusa.com\/pt\/wp-json\/wp\/v2\/comments?post=51297"}],"version-history":[{"count":1,"href":"https:\/\/tvbrazilusa.com\/pt\/wp-json\/wp\/v2\/posts\/51297\/revisions"}],"predecessor-version":[{"id":51299,"href":"https:\/\/tvbrazilusa.com\/pt\/wp-json\/wp\/v2\/posts\/51297\/revisions\/51299"}],"wp:featuredmedia":[{"embeddable":true,"href":"https:\/\/tvbrazilusa.com\/pt\/wp-json\/wp\/v2\/media\/51298"}],"wp:attachment":[{"href":"https:\/\/tvbrazilusa.com\/pt\/wp-json\/wp\/v2\/media?parent=51297"}],"wp:term":[{"taxonomy":"category","embeddable":true,"href":"https:\/\/tvbrazilusa.com\/pt\/wp-json\/wp\/v2\/categories?post=51297"},{"taxonomy":"post_tag","embeddable":true,"href":"https:\/\/tvbrazilusa.com\/pt\/wp-json\/wp\/v2\/tags?post=51297"}],"curies":[{"name":"wp","href":"https:\/\/api.w.org\/{rel}","templated":true}]}}