{"id":51342,"date":"2024-10-24T02:44:45","date_gmt":"2024-10-24T02:44:45","guid":{"rendered":"https:\/\/tvbrazilusa.com\/2024\/10\/24\/gilmar-compara-pacote-anti-stf-do-congresso-a-ditadura-de-vargas-paulo-figueiredo\/"},"modified":"2024-10-24T02:55:30","modified_gmt":"2024-10-24T02:55:30","slug":"gilmar-compara-pacote-anti-stf-do-congresso-a-ditadura-de-vargas-paulo-figueiredo","status":"publish","type":"post","link":"https:\/\/tvbrazilusa.com\/pt\/2024\/10\/24\/gilmar-compara-pacote-anti-stf-do-congresso-a-ditadura-de-vargas-paulo-figueiredo\/","title":{"rendered":"Gilmar compara pacote anti-STF do Congresso \u00e0 ditadura de Vargas &#8211; Paulo Figueiredo"},"content":{"rendered":"<p> <script async src=\"https:\/\/pagead2.googlesyndication.com\/pagead\/js\/adsbygoogle.js?client=ca-pub-8864793242727901\"\r\n     crossorigin=\"anonymous\"><\/script><br \/>\n<\/p>\n<div id=\"wtr-content\" data-bg=\"#FFFFFF\" data-fg=\"#006d91\" data-width=\"25\" data-mute=\"1\" data-fgopacity=\"1.00\" data-mutedopacity=\"0.5\" data-placement=\"bottom\" data-placement-offset=\"0\" data-content-offset=\"262\" data-placement-touch=\"bottom\" data-placement-offset-touch=\"0\" data-transparent=\"\" data-shadow=\"0\" data-touch=\"1\" data-non-touch=\"1\" data-comments=\"0\" data-commentsbg=\"transparent\" data-location=\"page\" data-mutedfg=\"#006d91\" data-endfg=\"#006d91\" data-rtl=\"\">\n<p class=\"has-small-font-size\">Foto \u2013 WILTON JUNIOR\/ESTAD\u00c3O<\/p>\n<h3 class=\"wp-block-heading\">CCJ da C\u00e2mara aprovou 4 propostas que limitam as decis\u00f5es dos ministros da Suprema Corte<\/h3>\n<p>O ministro do STF (Supremo Tribunal Federal) Gilmar Mendes comparou nesta 4\u00aa feira (23.out.2024) as propostas que limitam as decis\u00f5es da Suprema Corte que tramitam no Congresso \u00e0 Constitui\u00e7\u00e3o de 1937, de Get\u00falio Vargas.<\/p>\n<p><em>\u201cEstamos falando de 4, 5 emendas constitucionais [\u2026] H\u00e1 inclusive 2 mandados de seguran\u00e7a com o ministro Kassio\u00a0<\/em>[Nunes Marques]<em>\u00a0tratando talvez de mat\u00e9rias de cl\u00e1usula p\u00e9trea. Uma delas que revive um dispositivo da \u2018Polaca\u2019. Para aqueles que n\u00e3o sabem, os estudantes que est\u00e3o nos acompanhando, a Polaca \u00e9 a Carta de 37 de Get\u00falio Vargas que estabeleceu que o Congresso poderia cassar decis\u00f5es do Supremo Tribunal Federal e, para aqueles que sabem, n\u00e3o houve Congresso em 1937\u2033,<\/em>\u00a0disse Gilmar em sess\u00e3o do STF.<\/p>\n<p>O ministro seguiu contextualizando:\u00a0<em>\u201cEnt\u00e3o quem exerceu esse poder na forma das cl\u00e1usulas transit\u00f3rias foi o presidente ditador Get\u00falio Vargas, que cassou as decis\u00f5es do Supremo. N\u00f3s estamos vivendo essa quadra.\u201d<\/em>\u00a0<\/p>\n<h3 class=\"wp-block-heading\"><strong>PACOTE \u201cANTI-STF\u201d<\/strong><\/h3>\n<p>A CCJ (Comiss\u00e3o de Constitui\u00e7\u00e3o e Justi\u00e7a) da C\u00e2mara dos Deputados\u00a0aprovou\u00a0na 4\u00aa feira (9.out) 4 propostas que limitam as decis\u00f5es de ministros do STF, conhecidas como \u201cpacote anti-STF\u201d.<\/p>\n<p>Uma das propostas aprovadas \u00e9 a PEC (Proposta de Emenda \u00e0 Constitui\u00e7\u00e3o)\u00a08 de 2021, que limita as decis\u00f5es monocr\u00e1ticas de ministros da Suprema Corte. O texto recebeu 39 votos favor\u00e1veis e 18 contr\u00e1rios.\u00a0<\/p>\n<p>A outra, a PEC\u00a028 de 2024, d\u00e1 aval ao Congresso para anular liminares de ministros se considerarem que as decis\u00f5es extrapolaram a compet\u00eancia do Supremo. Passou no colegiado por 38 a 12.<\/p>\n<p>Al\u00e9m das PECs, a comiss\u00e3o tamb\u00e9m aprovou 2 projetos de lei que ampliam as possibilidades de responsabiliza\u00e7\u00e3o dos ministros por crime de responsabilidade.<\/p>\n<p><strong><a href=\"https:\/\/www.poder360.com.br\/poder-justica\/gilmar-compara-pacote-anti-stf-do-congresso-a-ditadura-de-vargas\/\">Source link<\/a><\/strong><\/p>\n<\/div>\n<p><br \/>\n<br \/><a href=\"https:\/\/paulofigueiredoshow.com\/gilmar-compara-pacote-anti-stf-do-congresso-a-ditadura-de-vargas\/\">Source link <\/a><\/p>","protected":false},"excerpt":{"rendered":"<p>Foto \u2013 WILTON JUNIOR\/ESTAD\u00c3O CCJ da C\u00e2mara aprovou 4 propostas que limitam as decis\u00f5es dos ministros da Suprema Corte O ministro do STF (Supremo Tribunal Federal) Gilmar Mendes comparou nesta&hellip;<\/p>","protected":false},"author":1,"featured_media":34745,"comment_status":"closed","ping_status":"open","sticky":false,"template":"","format":"standard","meta":{"content-type":"","footnotes":""},"categories":[16],"tags":[],"class_list":["post-51342","post","type-post","status-publish","format-standard","has-post-thumbnail","hentry","category-noticias"],"_links":{"self":[{"href":"https:\/\/tvbrazilusa.com\/pt\/wp-json\/wp\/v2\/posts\/51342","targetHints":{"allow":["GET"]}}],"collection":[{"href":"https:\/\/tvbrazilusa.com\/pt\/wp-json\/wp\/v2\/posts"}],"about":[{"href":"https:\/\/tvbrazilusa.com\/pt\/wp-json\/wp\/v2\/types\/post"}],"author":[{"embeddable":true,"href":"https:\/\/tvbrazilusa.com\/pt\/wp-json\/wp\/v2\/users\/1"}],"replies":[{"embeddable":true,"href":"https:\/\/tvbrazilusa.com\/pt\/wp-json\/wp\/v2\/comments?post=51342"}],"version-history":[{"count":1,"href":"https:\/\/tvbrazilusa.com\/pt\/wp-json\/wp\/v2\/posts\/51342\/revisions"}],"predecessor-version":[{"id":51343,"href":"https:\/\/tvbrazilusa.com\/pt\/wp-json\/wp\/v2\/posts\/51342\/revisions\/51343"}],"wp:featuredmedia":[{"embeddable":true,"href":"https:\/\/tvbrazilusa.com\/pt\/wp-json\/wp\/v2\/media\/34745"}],"wp:attachment":[{"href":"https:\/\/tvbrazilusa.com\/pt\/wp-json\/wp\/v2\/media?parent=51342"}],"wp:term":[{"taxonomy":"category","embeddable":true,"href":"https:\/\/tvbrazilusa.com\/pt\/wp-json\/wp\/v2\/categories?post=51342"},{"taxonomy":"post_tag","embeddable":true,"href":"https:\/\/tvbrazilusa.com\/pt\/wp-json\/wp\/v2\/tags?post=51342"}],"curies":[{"name":"wp","href":"https:\/\/api.w.org\/{rel}","templated":true}]}}