{"id":51460,"date":"2024-10-24T13:29:55","date_gmt":"2024-10-24T13:29:55","guid":{"rendered":"https:\/\/tvbrazilusa.com\/2024\/10\/24\/relatora-da-onu-e-acusada-de-antissemitismo-e-de-apoiar-o-terrorismo\/"},"modified":"2024-10-24T13:29:56","modified_gmt":"2024-10-24T13:29:56","slug":"relatora-da-onu-e-acusada-de-antissemitismo-e-de-apoiar-o-terrorismo","status":"publish","type":"post","link":"https:\/\/tvbrazilusa.com\/pt\/2024\/10\/24\/relatora-da-onu-e-acusada-de-antissemitismo-e-de-apoiar-o-terrorismo\/","title":{"rendered":"Relatora da ONU \u00e9 acusada de antissemitismo e de apoiar o terrorismo"},"content":{"rendered":"<p> <script async src=\"https:\/\/pagead2.googlesyndication.com\/pagead\/js\/adsbygoogle.js?client=ca-pub-8864793242727901\"\r\n     crossorigin=\"anonymous\"><\/script><br \/>\n<\/p>\n<div id=\"taboola-read-more\" style=\"display:block; width:100%\">\n<p>A UN Watch, organiza\u00e7\u00e3o de direitos humanos sediada em Genebra, pediu nesta quarta, 23, que democracias ao redor do mundo imponham san\u00e7\u00f5es contra Francesca Albanese, relatora especial da ONU nos territ\u00f3rios palestinos.\n<\/p>\n<p>Albanese \u00e9 acusada de promover antissemitismo, apoiar o terrorismo e difundir informa\u00e7\u00f5es falsas, segundo o relat\u00f3rio\u00a0<em>\u201cWolf in Sheep\u2019s Clothing: Why Democracies Should Sanction UN Rapporteur Francesca Albanese\u201d<\/em>, apresentado ao Conselho de Direitos Humanos da ONU.<\/p>\n<p>AR<br \/>A UN Watch, organiza\u00e7\u00e3o de direitos humanos sediada em Genebra, pediu nesta quarta, 23, que democracias ao redor do mundo imponham san\u00e7\u00f5es contra Francesca Albanese, relatora especial da ONU nos territ\u00f3rios palestinos.\n<\/p>\n<p>Albanese \u00e9 acusada de promover antissemitismo, apoiar o terrorismo e difundir informa\u00e7\u00f5es falsas, segundo o relat\u00f3rio \u201cWolf in Sheep\u2019s Clothing: Why Democracies Should Sanction UN Rapporteur Francesca Albanese\u201d, apresentado ao Conselho de Direitos Humanos da ONU.\n<\/p>\n<p>Este n\u00e3o \u00e9 o primeiro alerta sobre a relatora. Em novembro de 2023, Albanese causou indigna\u00e7\u00e3o ao chamar de \u201cc\u00ednicas e cru\u00e9is\u201d as pausas humanit\u00e1rias negociadas entre Israel e grupos internacionais para a Faixa de Gaza. Na ocasi\u00e3o, ela tamb\u00e9m acusou Israel de genoc\u00eddio, repetindo o termo que foi utilizado por Celso Amorim, assessor especial do governo Lula, em eventos internacionais.\n<\/p>\n<p>O relat\u00f3rio da UN Watch revela uma s\u00e9rie de declara\u00e7\u00f5es pol\u00eamicas de Albanese, incluindo uma postagem de 2014, onde ela afirmou que \u201ca Am\u00e9rica est\u00e1 subjugada pelo Lobby Judaico\u201d, uma t\u00edpica ret\u00f3rica antissemita.\n<\/p>\n<p>Mais recentemente, ela minimizou os ataques do Hamas contra Israel em outubro de 2023, justificando a viol\u00eancia como uma rea\u00e7\u00e3o \u00e0s pol\u00edticas de Israel. Pa\u00edses como Fran\u00e7a e Alemanha criticaram duramente suas falas.\n<\/p>\n<p>Al\u00e9m disso, o documento detalha seu apoio ao terrorismo. Em 2022, durante uma confer\u00eancia do Hamas, Albanese declarou que \u201cos palestinos t\u00eam o direito de resistir\u201d, o que foi interpretado como uma defesa de ataques violentos contra civis israelenses. Ela tamb\u00e9m comparou Gaza a \u201cum campo de concentra\u00e7\u00e3o\u201d e Netanyahu a Hitler.\n<\/p>\n<p>O relat\u00f3rio recomenda que pa\u00edses-membros da ONU tomem medidas urgentes para remover Albanese de sua posi\u00e7\u00e3o, al\u00e9m de sugerir san\u00e7\u00f5es como o congelamento de seus bens e a retirada de sua imunidade diplom\u00e1tica. Esses passos permitiriam que v\u00edtimas de ataques terroristas processassem a relatora nos tribunais dos EUA.\n<\/p>\n<p>Albanese, que atua como relatora desde 2022, defende suas declara\u00e7\u00f5es como parte de sua luta pelos direitos humanos e conforme o direito internacional, mas suas falas t\u00eam sido amplamente criticadas por incitar o \u00f3dio e distorcer fatos.\n<\/p>\n<p>Fonte: O antagonista <\/p>\n<\/div>\n<p><br \/>\n<br \/><a href=\"https:\/\/diariodobrasilnoticias.com.br\/noticia\/relatora-da-onu-e-acusada-de-antissemitismo-e-de-apoiar-o-terrorismo-671a2970631e0\">Source link <\/a><\/p>","protected":false},"excerpt":{"rendered":"<p>A UN Watch, organiza\u00e7\u00e3o de direitos humanos sediada em Genebra, pediu nesta quarta, 23, que democracias ao redor do mundo imponham san\u00e7\u00f5es contra Francesca Albanese, relatora especial da ONU nos&hellip;<\/p>","protected":false},"author":1,"featured_media":51461,"comment_status":"closed","ping_status":"open","sticky":false,"template":"","format":"standard","meta":{"content-type":"","footnotes":""},"categories":[16],"tags":[123,2448,5313,1267],"class_list":["post-51460","post","type-post","status-publish","format-standard","has-post-thumbnail","hentry","category-noticias","tag-brasil","tag-diario","tag-noticia","tag-noticias"],"_links":{"self":[{"href":"https:\/\/tvbrazilusa.com\/pt\/wp-json\/wp\/v2\/posts\/51460","targetHints":{"allow":["GET"]}}],"collection":[{"href":"https:\/\/tvbrazilusa.com\/pt\/wp-json\/wp\/v2\/posts"}],"about":[{"href":"https:\/\/tvbrazilusa.com\/pt\/wp-json\/wp\/v2\/types\/post"}],"author":[{"embeddable":true,"href":"https:\/\/tvbrazilusa.com\/pt\/wp-json\/wp\/v2\/users\/1"}],"replies":[{"embeddable":true,"href":"https:\/\/tvbrazilusa.com\/pt\/wp-json\/wp\/v2\/comments?post=51460"}],"version-history":[{"count":1,"href":"https:\/\/tvbrazilusa.com\/pt\/wp-json\/wp\/v2\/posts\/51460\/revisions"}],"predecessor-version":[{"id":51462,"href":"https:\/\/tvbrazilusa.com\/pt\/wp-json\/wp\/v2\/posts\/51460\/revisions\/51462"}],"wp:featuredmedia":[{"embeddable":true,"href":"https:\/\/tvbrazilusa.com\/pt\/wp-json\/wp\/v2\/media\/51461"}],"wp:attachment":[{"href":"https:\/\/tvbrazilusa.com\/pt\/wp-json\/wp\/v2\/media?parent=51460"}],"wp:term":[{"taxonomy":"category","embeddable":true,"href":"https:\/\/tvbrazilusa.com\/pt\/wp-json\/wp\/v2\/categories?post=51460"},{"taxonomy":"post_tag","embeddable":true,"href":"https:\/\/tvbrazilusa.com\/pt\/wp-json\/wp\/v2\/tags?post=51460"}],"curies":[{"name":"wp","href":"https:\/\/api.w.org\/{rel}","templated":true}]}}