{"id":51469,"date":"2024-10-24T14:11:23","date_gmt":"2024-10-24T14:11:23","guid":{"rendered":"https:\/\/tvbrazilusa.com\/2024\/10\/24\/tiroteio-fecha-a-avenida-brasil-por-mais-de-2-horas-uma-pessoa-morreu-e-cinco-ficaram-feridas\/"},"modified":"2024-10-24T14:11:25","modified_gmt":"2024-10-24T14:11:25","slug":"tiroteio-fecha-a-avenida-brasil-por-mais-de-2-horas-uma-pessoa-morreu-e-cinco-ficaram-feridas","status":"publish","type":"post","link":"https:\/\/tvbrazilusa.com\/pt\/2024\/10\/24\/tiroteio-fecha-a-avenida-brasil-por-mais-de-2-horas-uma-pessoa-morreu-e-cinco-ficaram-feridas\/","title":{"rendered":"Tiroteio fecha a Avenida Brasil por mais de 2 horas; uma pessoa morreu e cinco ficaram feridas."},"content":{"rendered":"<p> <script async src=\"https:\/\/pagead2.googlesyndication.com\/pagead\/js\/adsbygoogle.js?client=ca-pub-8864793242727901\"\r\n     crossorigin=\"anonymous\"><\/script><br \/>\n<\/p>\n<div id=\"taboola-read-more\" style=\"display:block; width:100%\">\n<p>A Avenida Brasil, uma das principais vias expressas do Rio, foi fechada por cerca de duas horas na manh\u00e3 desta quinta-feira (24) na altura da Cidade Alta, na Zona Norte, devido a um intenso tiroteio que come\u00e7ou pouco depois das 7h. Uma pessoa que estava em um \u00f4nibus e foi baleada na cabe\u00e7a morreu, e outras cinco ficaram feridas ap\u00f3s serem atingidas por disparos.\n<\/p>\n<p>O tiroteio ocorreu durante uma opera\u00e7\u00e3o da Pol\u00edcia Militar no Complexo de Israel, que inclui cinco comunidade sob o dom\u00ednio de traficantes, para prender criminosos que atuam no roubo de carros e cargas. Segundo a PM, ao chegar \u00e0s comunidades Cinco Bocas, Pica Pau e Cidade Alta, os agentes enfrentaram forte resist\u00eancia dos criminosos e chegaram a avaliar interromper a a\u00e7\u00e3o.<\/p>\n<p>Por volta das 9h15, a Avenida Brasil j\u00e1 tinha sido liberada com o tr\u00e2nsito intercalando em apenas um sentido liberado por vez, no modelo &#8220;Siga e Pare&#8221;. \u00c0s 9h40, a via j\u00e1 tinha sido completamente liberada nos dois sentidos.\n<\/p>\n<p>A circula\u00e7\u00e3o de \u00f4nibus que cruzam a regi\u00e3o e de trens da Supervia tamb\u00e9m foi afetada (veja lista completa de linhas de \u00f4nibus com trajeto altetado). Algumas esta\u00e7\u00f5es ferrovi\u00e1rias foram fechadas e houve redu\u00e7\u00e3o de sa\u00edda dos ve\u00edculos (veja mais abaixo).\n<\/p>\n<p><strong>Barricadas e valas em comunidades<\/strong><br \/>Para impedir a chegada da PM em localidades do Complexo de Israel, criminosos atearam fogo em v\u00e1rios carros e em barricadas. Com medo dos tiros, muitos motoristas e passageiros buscaram prote\u00e7\u00e3o nas muretas da Avenida Brasil.\n<\/p>\n<p>Segundo a porta-voz da Pol\u00edcia Militar, Cl\u00e1udia Moraes, ao iniciar a opera\u00e7\u00e3o, as tropas policiais se depararam com valas cavadas pelos criminosos para impedir o avan\u00e7o dos agentes de seguran\u00e7a.\n<\/p>\n<p>&#8220;H\u00e1 relatos de que criminosos, na tentativa de fugir, sa\u00edram atirando. Por isso houve a necessidade de interrup\u00e7\u00e3o do fluxo da Avenida Brasil e dos ramais da Supervia\u201d, disse a porta-voz da PM.\n<\/p>\n<p>Mudan\u00e7a na rota de \u00f4nibus e sa\u00edda dos trens<br \/>Segundo a Rio \u00d4nibus, 35 linhas de \u00f4nibus municipais tiveram que desviar as rotas por conta da opera\u00e7\u00e3o.\n<\/p>\n<p>Nas proximidades da esta\u00e7\u00e3o de trem Cordovil, o ramal Saracuruna operava apenas no trecho entre Central do Brasil e Penha.\n<\/p>\n<p>Segundo a Supervia, que administra o sistema ferrovi\u00e1rio, os intervalos de sa\u00edda dos trens ser\u00e3o de 30 minutos em ambos os trechos.\n<\/p>\n<p><strong>Cinco esta\u00e7\u00f5es est\u00e3o fechadas:<\/strong>\n<\/p>\n<p>Penha Circular;<br \/>Br\u00e1s de Pina;<br \/>Cordovil;<br \/>Parada de Lucas;<br \/>Vig\u00e1rio Geral.\n<\/p>\n<p><strong>Servi\u00e7os de sa\u00fade e educa\u00e7\u00e3o interrompidos<\/strong><br \/>Segundo a Secretaria Municipal de Sa\u00fade (SMS), o Centro Municipal de Sa\u00fade Iraci Lopes e a Cl\u00ednica da Fam\u00edlia Heitor dos Prazeres suspenderam o funcionamento na manh\u00e3 desta quinta. J\u00e1 o CMS Jos\u00e9 Breves dos Santos suspendeu o in\u00edcio do funcionamento nesta manh\u00e3 e agora avalia a possibilidade da abertura.\n<\/p>\n<p>A Secretaria de Estadual de Educa\u00e7\u00e3o disse que, at\u00e9 o momento, uma escola da rede estadual precisou ser fechada na regi\u00e3o. A Secretaria Municipal de Educa\u00e7\u00e3o n\u00e3o respondeu aos questionamentos.\n<\/p>\n<p>Veja quais linhas de \u00f4nibus foram afetadas<br \/>Segundo a Rio \u00d4nibus, as seguintes linhas de \u00f4nibus tiveram seu itiner\u00e1rio afetado pelo tiroteio:\n<\/p>\n<p>386 &#8211; Anchieta x Candel\u00e1ria<br \/>384 &#8211; Pavuna x Passeio<br \/>2305 &#8211; Jardim Am\u00e9rica x Castel<br \/>665 &#8211; Pavuna x Saens Pe\u00f1a<br \/>399 &#8211; Pavuna x Passeio<br \/>342 &#8211; Jardim Am\u00e9rica x Castelo<br \/>945 &#8211; Pavuna x Terminal Fund\u00e3o<br \/>369 &#8211; Bangu x Candel\u00e1ria<br \/>2310 &#8211; Bangu x Candel\u00e1ria<br \/>397 &#8211; Terminal Campo Grande x Candel\u00e1ria<br \/>388 &#8211; Santa Cruz x Candel\u00e1ria<br \/>393 -\u2002Bangu x Candel\u00e1ria<br \/>335\u2002- Cordovil x Tiradentes<br \/>665\u2002- Pavuna x Saens Pe\u00f1a<br \/>2381 &#8211; Pedra de Guaratiba x Castelo<br \/>397\u2002- Terminal Campo Grande x Candel\u00e1ria<br \/>394\u2002- Vila Kennedy x Tiradentes<br \/>936\u2002- Campo Grande x Cidade Universit\u00e1ria<br \/>300 &#8211; Terminal Sulacap x Candel\u00e1ria<br \/>362\u2002- Hon\u00f3rio Gurgel x Castelo<br \/>378\u2002- Marechal Hermes x Castelo<br \/>665\u2002- Pavuna x Saens Pe\u00f1a<br \/>906\u2002- Jardim Am\u00e9rica x Caju<br \/>639\u2002- Jardim Am\u00e9rica x Saens Pe\u00f1a<br \/>774\u2002- Madureira x Jardim Am\u00e9rica<br \/>775\u2002- Jardim Am\u00e9rica x Madureira<br \/>905\u2002- Bonsucesso x Iraj\u00e1<br \/>389 &#8211; Vila Alian\u00e7a x Candel\u00e1ria<br \/>395 &#8211; Coqueiros x Tiradentes<br \/>757 &#8211; Sepetiba x Coelho Neto<br \/>753 &#8211; Santa Cruz x Coelho Neto (metr\u00f4)<br \/>737 &#8211; Sant\u00edssimo x Cascadura<br \/>790 &#8211; Campo Grande x Cascadura<br \/>926 &#8211; Senador Camar\u00e1 x Penha<br \/>712 &#8211; Cascadura x Iraj\u00e1\n<\/p>\n<p>Gonte: g1 <\/p>\n<\/div>\n<p><br \/>\n<br \/><a href=\"https:\/\/diariodobrasilnoticias.com.br\/noticia\/tiroteio-fecha-a-avenida-brasil-por-mais-de-2-horas-uma-pessoa-morreu-e-cinco-ficaram-feridas-671a48e5a3a25\">Source link <\/a><\/p>","protected":false},"excerpt":{"rendered":"<p>A Avenida Brasil, uma das principais vias expressas do Rio, foi fechada por cerca de duas horas na manh\u00e3 desta quinta-feira (24) na altura da Cidade Alta, na Zona Norte,&hellip;<\/p>","protected":false},"author":1,"featured_media":51470,"comment_status":"closed","ping_status":"open","sticky":false,"template":"","format":"standard","meta":{"content-type":"","footnotes":""},"categories":[16],"tags":[123,2448,5313,1267],"class_list":["post-51469","post","type-post","status-publish","format-standard","has-post-thumbnail","hentry","category-noticias","tag-brasil","tag-diario","tag-noticia","tag-noticias"],"_links":{"self":[{"href":"https:\/\/tvbrazilusa.com\/pt\/wp-json\/wp\/v2\/posts\/51469","targetHints":{"allow":["GET"]}}],"collection":[{"href":"https:\/\/tvbrazilusa.com\/pt\/wp-json\/wp\/v2\/posts"}],"about":[{"href":"https:\/\/tvbrazilusa.com\/pt\/wp-json\/wp\/v2\/types\/post"}],"author":[{"embeddable":true,"href":"https:\/\/tvbrazilusa.com\/pt\/wp-json\/wp\/v2\/users\/1"}],"replies":[{"embeddable":true,"href":"https:\/\/tvbrazilusa.com\/pt\/wp-json\/wp\/v2\/comments?post=51469"}],"version-history":[{"count":1,"href":"https:\/\/tvbrazilusa.com\/pt\/wp-json\/wp\/v2\/posts\/51469\/revisions"}],"predecessor-version":[{"id":51471,"href":"https:\/\/tvbrazilusa.com\/pt\/wp-json\/wp\/v2\/posts\/51469\/revisions\/51471"}],"wp:featuredmedia":[{"embeddable":true,"href":"https:\/\/tvbrazilusa.com\/pt\/wp-json\/wp\/v2\/media\/51470"}],"wp:attachment":[{"href":"https:\/\/tvbrazilusa.com\/pt\/wp-json\/wp\/v2\/media?parent=51469"}],"wp:term":[{"taxonomy":"category","embeddable":true,"href":"https:\/\/tvbrazilusa.com\/pt\/wp-json\/wp\/v2\/categories?post=51469"},{"taxonomy":"post_tag","embeddable":true,"href":"https:\/\/tvbrazilusa.com\/pt\/wp-json\/wp\/v2\/tags?post=51469"}],"curies":[{"name":"wp","href":"https:\/\/api.w.org\/{rel}","templated":true}]}}