{"id":5147,"date":"2024-07-21T17:33:26","date_gmt":"2024-07-21T17:33:26","guid":{"rendered":"https:\/\/tvbrazilusa.com\/2024\/07\/21\/folha-acusa-stf-de-ocultar-viagens-de-ministros-e-violar-lei-de-acesso-a-informacao\/"},"modified":"2024-07-21T17:37:11","modified_gmt":"2024-07-21T17:37:11","slug":"folha-acusa-stf-de-ocultar-viagens-de-ministros-e-violar-lei-de-acesso-a-informacao","status":"publish","type":"post","link":"https:\/\/tvbrazilusa.com\/pt\/2024\/07\/21\/folha-acusa-stf-de-ocultar-viagens-de-ministros-e-violar-lei-de-acesso-a-informacao\/","title":{"rendered":"Folha acusa STF de ocultar viagens de ministros e violar Lei de Acesso \u00e0 Informa\u00e7\u00e3o"},"content":{"rendered":"<p> <script async src=\"https:\/\/pagead2.googlesyndication.com\/pagead\/js\/adsbygoogle.js?client=ca-pub-8864793242727901\"\r\n     crossorigin=\"anonymous\"><\/script><br \/>\n<\/p>\n<div>\n<p>Em um recente epis\u00f3dio que colocou em cheque as pr\u00e1ticas de transpar\u00eancia do Supremo Tribunal Federal (STF), o jornal Folha de S.Paulo trouxe \u00e0 tona uma discuss\u00e3o significativa. A quest\u00e3o envolve a negativa de resposta a pedidos de informa\u00e7\u00e3o sobre as viagens de ministros, conforme estipulado pela Lei de Acesso \u00e0 Informa\u00e7\u00e3o (LAI).<\/p>\n<p>A controv\u00e9rsia iniciou quando o STF se viu questionado a respeito de viagens internacionais de alguns de seus ju\u00edzes. Segundo o jornal, houve uma evidente lacuna entre a informa\u00e7\u00e3o p\u00fablica dispon\u00edvel e as respostas fornecidas pela corte. Este epis\u00f3dio destaca n\u00e3o apenas a quest\u00e3o da transpar\u00eancia judicial, mas tamb\u00e9m aborda at\u00e9 que ponto as institui\u00e7\u00f5es p\u00fablicas est\u00e3o dispostas a prestar contas \u00e0 sociedade.<\/p>\n<h2 class=\"wp-block-heading\">Qual \u00e9 a origem do conflito entre a Folha de S.Paulo e o STF?<\/h2>\n<p>A <strong>Folha de S.Paulo<\/strong>, utilizando-se das prerrogativas da LAI, solicitou informa\u00e7\u00f5es sobre eventos internacionais que contaram com a participa\u00e7\u00e3o dos ministros do STF. A resposta do tribunal, indicando a inexist\u00eancia de registros ou dados desatualizados em sua p\u00e1gina, sugere um encobrimento ou uma desordem interna preocupante.<\/p>\n<h2 class=\"wp-block-heading\">Respostas Insuficientes e a Lei de Acesso \u00e0 Informa\u00e7\u00e3o<\/h2>\n<p>A Lei de Acesso \u00e0 Informa\u00e7\u00e3o \u00e9 um instrumento vital para assegurar que o cidad\u00e3o possa exercer o controle social sobre o governo. No entanto, a experi\u00eancia relatada pela Folha de S.Paulo mostra que mesmo institui\u00e7\u00f5es robustas, como o STF, parecem ter dificuldades em cumprir com suas obriga\u00e7\u00f5es de transpar\u00eancia.<\/p>\n<p>A nota do STF sobre o caso \u00e9 reveladora. A Corte admite n\u00e3o possuir todas as informa\u00e7\u00f5es, justificando que as viagens questionadas n\u00e3o eram de car\u00e1ter institucional. Isso levanta uma quest\u00e3o primordial: Como atividades de t\u00e3o alto escal\u00e3o podem n\u00e3o ser adequadamente documentadas e justificadas perante o p\u00fablico que financia tais institui\u00e7\u00f5es?<\/p>\n<\/p><\/div>\n<p><br \/>\n<br \/><a href=\"https:\/\/terrabrasilnoticias.com\/2024\/07\/folha-acusa-stf-de-ocultar-viagens-de-ministros-e-violar-lei-de-acesso-a-informacao\/\">Source link <\/a><\/p>","protected":false},"excerpt":{"rendered":"<p>Em um recente epis\u00f3dio que colocou em cheque as pr\u00e1ticas de transpar\u00eancia do Supremo Tribunal Federal (STF), o jornal Folha de S.Paulo trouxe \u00e0 tona uma discuss\u00e3o significativa. A quest\u00e3o&hellip;<\/p>","protected":false},"author":1,"featured_media":5148,"comment_status":"closed","ping_status":"open","sticky":false,"template":"","format":"standard","meta":{"content-type":"","footnotes":""},"categories":[16],"tags":[],"class_list":["post-5147","post","type-post","status-publish","format-standard","has-post-thumbnail","hentry","category-noticias"],"_links":{"self":[{"href":"https:\/\/tvbrazilusa.com\/pt\/wp-json\/wp\/v2\/posts\/5147","targetHints":{"allow":["GET"]}}],"collection":[{"href":"https:\/\/tvbrazilusa.com\/pt\/wp-json\/wp\/v2\/posts"}],"about":[{"href":"https:\/\/tvbrazilusa.com\/pt\/wp-json\/wp\/v2\/types\/post"}],"author":[{"embeddable":true,"href":"https:\/\/tvbrazilusa.com\/pt\/wp-json\/wp\/v2\/users\/1"}],"replies":[{"embeddable":true,"href":"https:\/\/tvbrazilusa.com\/pt\/wp-json\/wp\/v2\/comments?post=5147"}],"version-history":[{"count":1,"href":"https:\/\/tvbrazilusa.com\/pt\/wp-json\/wp\/v2\/posts\/5147\/revisions"}],"predecessor-version":[{"id":5149,"href":"https:\/\/tvbrazilusa.com\/pt\/wp-json\/wp\/v2\/posts\/5147\/revisions\/5149"}],"wp:featuredmedia":[{"embeddable":true,"href":"https:\/\/tvbrazilusa.com\/pt\/wp-json\/wp\/v2\/media\/5148"}],"wp:attachment":[{"href":"https:\/\/tvbrazilusa.com\/pt\/wp-json\/wp\/v2\/media?parent=5147"}],"wp:term":[{"taxonomy":"category","embeddable":true,"href":"https:\/\/tvbrazilusa.com\/pt\/wp-json\/wp\/v2\/categories?post=5147"},{"taxonomy":"post_tag","embeddable":true,"href":"https:\/\/tvbrazilusa.com\/pt\/wp-json\/wp\/v2\/tags?post=5147"}],"curies":[{"name":"wp","href":"https:\/\/api.w.org\/{rel}","templated":true}]}}