{"id":51481,"date":"2024-10-24T14:52:55","date_gmt":"2024-10-24T14:52:55","guid":{"rendered":"https:\/\/tvbrazilusa.com\/2024\/10\/24\/toffoli-menciona-tropa-de-elite-e-afirma-que-o-stf-e-chamado-a-atuar-de-maneira-desafiadora\/"},"modified":"2024-10-24T14:52:57","modified_gmt":"2024-10-24T14:52:57","slug":"toffoli-menciona-tropa-de-elite-e-afirma-que-o-stf-e-chamado-a-atuar-de-maneira-desafiadora","status":"publish","type":"post","link":"https:\/\/tvbrazilusa.com\/pt\/2024\/10\/24\/toffoli-menciona-tropa-de-elite-e-afirma-que-o-stf-e-chamado-a-atuar-de-maneira-desafiadora\/","title":{"rendered":"Toffoli menciona &#8216;Tropa de Elite&#8217; e afirma que o STF \u00e9 chamado a atuar de maneira desafiadora"},"content":{"rendered":"<p> <script async src=\"https:\/\/pagead2.googlesyndication.com\/pagead\/js\/adsbygoogle.js?client=ca-pub-8864793242727901\"\r\n     crossorigin=\"anonymous\"><\/script><br \/>\n<\/p>\n<div id=\"taboola-read-more\" style=\"display:block; width:100%\">\n<p>Durante cerim\u00f4nia de lan\u00e7amento de um livro em sua homenagem, o ministro do Supremo Tribunal Federal (STF), Dias Toffoli, citou o filme \u201cTropa de Elite\u201d e disse que o Supremo \u00e9 instado a atuar de forma desafiadora.\n<\/p>\n<p>Coordenado pelo ministro Gilmar Mendes, Daiane Nogueira de Lira e Alexandre Freire, o livro\u00a0<em>\u201cConstitui\u00e7\u00e3o, Democracia e Di\u00e1logo \u2013 15 Anos de Jurisdi\u00e7\u00e3o Constitucional do Ministro Dias Toffoli\u201d<\/em>\u00a0traz uma s\u00e9rie de artigos escritos por juristas, pol\u00edticos e personalidades.<\/p>\n<p>O livro, que celebra os 15 de atua\u00e7\u00e3o de Toffoli no STF, foi lan\u00e7ado em cerim\u00f4nia no Supremo, com participa\u00e7\u00e3o dos outros ministros, nesta quarta-feira (23).\n<\/p>\n<p>&#8220;Eu brinco \u00e0s vezes que aqui no Supremo \u00e9 como se voc\u00ea estivesse naquele filme \u2018Tropa de Elite\u2019. Voc\u00ea sempre \u00e9 instado a fazer, a atuar de maneira desafiadora,&#8221; disse Toffoli na ocasi\u00e3o.\n<\/p>\n<p>Para o ministro, o papel de um integrante do STF \u00e9 enfrentar adversidades e tomar decis\u00f5es que podem gerar controv\u00e9rsia.\n<\/p>\n<p>Toffoli tamb\u00e9m falou sobre o processo de sele\u00e7\u00e3o pelo qual passam os membros do STF e disse que o mecanismo garante a legitimidade dos ministros da Suprema Corte.\n<\/p>\n<p>Os candidatos a ministros do STF s\u00e3o indicados pelo presidente da Rep\u00fablica e passam por sabatina no Senado, sendo necess\u00e1ria a aprova\u00e7\u00e3o por maioria absoluta.\n<\/p>\n<p>Vale ressaltar que Toffoli e outros ministros chegaram ao Supremo sem que tivessem atuado como ju\u00edzes anteriormente.\u00a0\n<\/p>\n<h2>Indica\u00e7\u00e3o de Toffoli<\/h2>\n<p>Toffoli foi indicado para o STF pelo presidente Lula (PT) em 2009, durante o segundo governo do petista. Na \u00e9poca, Toffoli ocupava o cargo de ministro-chefe da Advocacia Geral da Uni\u00e3o (AGU).\n<\/p>\n<p>Entre as cr\u00edticas \u00e0 indica\u00e7\u00e3o de Lula, estava o fato de que Toffoli havia sido reprovado em dois concursos para ingresso na magistratura, na d\u00e9cada de 1990.\n<\/p>\n<p>Apesar da falha no curr\u00edculo, a indica\u00e7\u00e3o ao STF foi aprovada pelo Congresso Nacional.\u00a0\n<\/p>\n<p>Desde o in\u00edcio da sua carreira, Toffoli atuou junto ao PT com grande proximidade a Lula e Jos\u00e9 Dirceu. Era dele, inclusive, a responsabilidade de sugerir manobras regimentais ao PT para obstruir vota\u00e7\u00f5es no Congresso durante o governo do ex-presidente Fernando Henrique Cardoso. Tamb\u00e9m partia dela sugest\u00f5es de emendas contra projetos de interesse do governo.\n<\/p>\n<p>Toffoli foi consultor jur\u00eddico da Central \u00danica dos Trabalhadores (CUT) em 1993, assessor parlamentar na Assembleia Legislativa de S\u00e3o Paulo e assessor da lideran\u00e7a do PT na C\u00e2mara dos Deputados.\n<\/p>\n<p>Ele tamb\u00e9m atuou como advogado de Lula nas campanhas presidenciais de 1998, 2002 e 2006 e integrou a equipe de Dirceu na Casa Civil antes de chegar ao posto de advogado-geral da Uni\u00e3o.\n<\/p>\n<p>Fonte: Gazeta do Povo <\/p>\n<\/div>\n<p><br \/>\n<br \/><a href=\"https:\/\/diariodobrasilnoticias.com.br\/noticia\/toffoli-menciona-tropa-de-elite-e-afirma-que-o-stf-e-chamado-a-atuar-de-maneira-desafiadora-671a43dcb77ab\">Source link <\/a><\/p>","protected":false},"excerpt":{"rendered":"<p>Durante cerim\u00f4nia de lan\u00e7amento de um livro em sua homenagem, o ministro do Supremo Tribunal Federal (STF), Dias Toffoli, citou o filme \u201cTropa de Elite\u201d e disse que o Supremo&hellip;<\/p>","protected":false},"author":1,"featured_media":51482,"comment_status":"closed","ping_status":"open","sticky":false,"template":"","format":"standard","meta":{"content-type":"","footnotes":""},"categories":[16],"tags":[123,2448,5313,1267],"class_list":["post-51481","post","type-post","status-publish","format-standard","has-post-thumbnail","hentry","category-noticias","tag-brasil","tag-diario","tag-noticia","tag-noticias"],"_links":{"self":[{"href":"https:\/\/tvbrazilusa.com\/pt\/wp-json\/wp\/v2\/posts\/51481","targetHints":{"allow":["GET"]}}],"collection":[{"href":"https:\/\/tvbrazilusa.com\/pt\/wp-json\/wp\/v2\/posts"}],"about":[{"href":"https:\/\/tvbrazilusa.com\/pt\/wp-json\/wp\/v2\/types\/post"}],"author":[{"embeddable":true,"href":"https:\/\/tvbrazilusa.com\/pt\/wp-json\/wp\/v2\/users\/1"}],"replies":[{"embeddable":true,"href":"https:\/\/tvbrazilusa.com\/pt\/wp-json\/wp\/v2\/comments?post=51481"}],"version-history":[{"count":1,"href":"https:\/\/tvbrazilusa.com\/pt\/wp-json\/wp\/v2\/posts\/51481\/revisions"}],"predecessor-version":[{"id":51483,"href":"https:\/\/tvbrazilusa.com\/pt\/wp-json\/wp\/v2\/posts\/51481\/revisions\/51483"}],"wp:featuredmedia":[{"embeddable":true,"href":"https:\/\/tvbrazilusa.com\/pt\/wp-json\/wp\/v2\/media\/51482"}],"wp:attachment":[{"href":"https:\/\/tvbrazilusa.com\/pt\/wp-json\/wp\/v2\/media?parent=51481"}],"wp:term":[{"taxonomy":"category","embeddable":true,"href":"https:\/\/tvbrazilusa.com\/pt\/wp-json\/wp\/v2\/categories?post=51481"},{"taxonomy":"post_tag","embeddable":true,"href":"https:\/\/tvbrazilusa.com\/pt\/wp-json\/wp\/v2\/tags?post=51481"}],"curies":[{"name":"wp","href":"https:\/\/api.w.org\/{rel}","templated":true}]}}